{"id":14861,"date":"2020-09-21T14:38:05","date_gmt":"2020-09-21T14:38:05","guid":{"rendered":"https:\/\/www.radiopresidenteibanez.cl\/web\/?p=14861"},"modified":"2020-09-21T14:38:09","modified_gmt":"2020-09-21T14:38:09","slug":"el-orden-publico-economico-por-ernesto-sepulveda","status":"publish","type":"post","link":"https:\/\/www.radiopresidenteibanez.cl\/web\/el-orden-publico-economico-por-ernesto-sepulveda\/","title":{"rendered":"EL ORDEN P\u00daBLICO ECON\u00d3MICO por Ernesto Sep\u00falveda"},"content":{"rendered":"\n<p>Nos\nacercamos raudamente, al plebiscito donde decidiremos, Apruebo o Rechazo a una\nnueva constituci\u00f3n. Un hito fundamental en nuestra historia republicana, pero\nque s\u00f3lo constituye el inicio del proceso constituyente. Se ha producido una\ncierta incertidumbre en los sectores empresariales, y los fondos de inversi\u00f3n,\npor la din\u00e1mica que podr\u00eda seguir este proceso. Se teme a la denominada \u201choja\nen blanco\u201d. Vale decir, el temor cunde ante la posibilidad, de que sectores\nradicalizados, pretendan barrer, con los derechos o garant\u00edas del resto de la\nsociedad. En mi opini\u00f3n, es un temor infundado. Actualmente en Chile, ning\u00fan\nsector pol\u00edtico re\u00fane, por s\u00ed solo, el apoyo popular mayoritario. Ning\u00fan sector\npuede alzarse con la mayor\u00eda absoluta de los constituyentes. Eso es garant\u00eda de\nque en las materias donde mas debatidas, se requerir\u00e1 llegar a acuerdos.<\/p>\n\n\n\n<p>&nbsp;&nbsp;&nbsp;&nbsp;&nbsp;&nbsp;&nbsp;&nbsp;&nbsp;&nbsp;&nbsp;&nbsp;&nbsp;&nbsp;&nbsp;&nbsp;&nbsp;&nbsp;&nbsp;&nbsp;&nbsp;&nbsp;&nbsp;&nbsp;&nbsp;&nbsp;&nbsp;&nbsp;&nbsp;&nbsp;&nbsp;&nbsp;&nbsp;&nbsp;&nbsp;&nbsp;&nbsp;&nbsp;&nbsp;&nbsp;&nbsp;&nbsp;&nbsp;&nbsp;&nbsp;&nbsp;&nbsp;&nbsp;&nbsp;&nbsp;&nbsp;&nbsp;&nbsp;&nbsp;&nbsp;&nbsp; Sin\nlugar a dudas, uno de los aspectos m\u00e1s importantes para el crecimiento del\npa\u00eds, para la generaci\u00f3n de empleos, y creaci\u00f3n de riqueza, es el denominado\nORDEN P\u00daBLICO ECON\u00d3MICO. Con ayuda de un viejo manual de derecho econ\u00f3mico,\ntrataremos de explicar su importancia. Y por qu\u00e9 es de los contenidos\nimportantes de la constituci\u00f3n pol\u00edtica, tanto de la actual, como de la futura.<\/p>\n\n\n\n<p>&nbsp;&nbsp;&nbsp;&nbsp;&nbsp;&nbsp;&nbsp;&nbsp;&nbsp;&nbsp;&nbsp;&nbsp;&nbsp;&nbsp;&nbsp;&nbsp;&nbsp;&nbsp;&nbsp;&nbsp;&nbsp;&nbsp;&nbsp;&nbsp;&nbsp;&nbsp;&nbsp;&nbsp;&nbsp;&nbsp;&nbsp;&nbsp;&nbsp;&nbsp;&nbsp;&nbsp;&nbsp;&nbsp;&nbsp;&nbsp;&nbsp;&nbsp;&nbsp;&nbsp;&nbsp;&nbsp;&nbsp;&nbsp;&nbsp;&nbsp;&nbsp;&nbsp;&nbsp;&nbsp;&nbsp;&nbsp; Seg\u00fan\nla doctrina, en definici\u00f3n del profesor Jos\u00e9 Luis Cea: \u201cEl orden p\u00fablico econ\u00f3mico, es el conjunto\nde principios y normas jur\u00eddicas, que organizan la econom\u00eda de un pa\u00eds. Y\nfacultan a la autoridad, para regularla, en armon\u00eda con los valores de la\nsociedad formulados en la Constituci\u00f3n\u201d. &nbsp;De esto se entiende, que el orden p\u00fablico\necon\u00f3mico, es un orden normativo. Es decir, son leyes y reglamentos que regulan\ny organizan la econom\u00eda del pa\u00eds, pero lo hacen en armon\u00eda con los valores\nconstitucionales.<\/p>\n\n\n\n<p>&nbsp;&nbsp;&nbsp;&nbsp;&nbsp;&nbsp;&nbsp;&nbsp;&nbsp;&nbsp;&nbsp;&nbsp;&nbsp;&nbsp;&nbsp;&nbsp;&nbsp;&nbsp;&nbsp;&nbsp;&nbsp;&nbsp;&nbsp;&nbsp;&nbsp;&nbsp;&nbsp;&nbsp;&nbsp;&nbsp;&nbsp;&nbsp;&nbsp;&nbsp;&nbsp;&nbsp;&nbsp;&nbsp;&nbsp;&nbsp;&nbsp;&nbsp;&nbsp;&nbsp;&nbsp;&nbsp;&nbsp;&nbsp;&nbsp;&nbsp;&nbsp;&nbsp;&nbsp;&nbsp;&nbsp;&nbsp;&nbsp;&nbsp;\nEn la actual constituci\u00f3n, son manifestaciones del Orden p\u00fablico\necon\u00f3mico: <\/p>\n\n\n\n<p>-Principio de Subsidiariedad (art. 1\u00ba inciso tercero), el\ncual se expresa en las garant\u00edas constitucionales (art. 19 N\u00ba 3, 9, 11, 12, 18,\netc.);<\/p>\n\n\n\n<p>&#8211; Igualdad ante la ley, y proscripci\u00f3n a toda forma de\narbitrariedad (art. 19 N\u00ba 2);<\/p>\n\n\n\n<p>-Derecho a vivir en un medio libre de contaminaci\u00f3n y\nrestricci\u00f3n de otros derechos en protecci\u00f3n del medio ambiente (art. 19 N\u00ba 8)<\/p>\n\n\n\n<p>-Derecho a la protecci\u00f3n del Trabajo (19 N\u00ba 16)<\/p>\n\n\n\n<p>-Igualdad ante las cargas p\u00fablicas (art. 19 N\u00ba 20<\/p>\n\n\n\n<p>-Derecho a desarrollar cualquiera actividad econ\u00f3mica (art.\n19 N\u00ba 21 inciso primero)<\/p>\n\n\n\n<p>-Regulaci\u00f3n del Estado Empresario (art. 19 N\u00ba 21 inciso\nsegundo) <\/p>\n\n\n\n<p>-No discriminaci\u00f3n econ\u00f3mica (art. 19 N\u00ba 22) <\/p>\n\n\n\n<p>-Libertad para adquirir todo tipo de bienes (19 N\u00ba 23)<\/p>\n\n\n\n<p>-Derecho de Propiedad (19 N\u00ba 24)<\/p>\n\n\n\n<p>-Derecho de propiedad intelectual (19 N\u00ba 25).<\/p>\n\n\n\n<p>&nbsp;&nbsp;&nbsp;&nbsp;&nbsp;&nbsp;&nbsp;&nbsp;&nbsp;&nbsp;&nbsp;&nbsp;&nbsp;&nbsp;&nbsp;&nbsp;&nbsp;&nbsp;&nbsp;&nbsp;&nbsp;&nbsp;&nbsp;&nbsp;&nbsp;&nbsp;&nbsp;&nbsp;&nbsp;&nbsp;&nbsp;&nbsp;&nbsp;&nbsp;&nbsp;&nbsp;&nbsp;&nbsp;&nbsp;&nbsp;&nbsp;&nbsp;&nbsp;&nbsp;&nbsp;&nbsp;&nbsp;&nbsp;&nbsp;&nbsp;&nbsp;&nbsp;&nbsp;&nbsp;&nbsp;&nbsp;&nbsp;&nbsp;&nbsp;&nbsp;&nbsp;&nbsp;&nbsp;&nbsp;&nbsp;&nbsp;&nbsp;&nbsp;&nbsp;&nbsp;&nbsp;&nbsp;&nbsp;&nbsp;&nbsp;&nbsp;&nbsp;&nbsp;&nbsp;&nbsp;&nbsp;&nbsp;&nbsp;&nbsp; Como\nse puede apreciar de los textos citados, el coraz\u00f3n de la actividad econ\u00f3mica\nchilena, est\u00e1 expresado en un conjunto de normas, que conforman el Orden\nP\u00fablico Econ\u00f3mico, y que est\u00e1 integrado a la actual constituci\u00f3n. En otras\npalabras, de una eventual discusi\u00f3n constituyente, depender\u00e1n definiciones de\ncar\u00e1cter t\u00e9cnico, que tienen un impacto directo, en la vida cotidiana de todos\nnosotros.<\/p>\n\n\n\n<p>&nbsp;&nbsp;&nbsp;&nbsp;&nbsp;&nbsp;&nbsp;&nbsp;&nbsp;&nbsp;&nbsp;&nbsp;&nbsp;&nbsp;&nbsp;&nbsp;&nbsp;&nbsp;&nbsp;&nbsp;&nbsp;&nbsp;&nbsp;&nbsp;&nbsp;&nbsp;&nbsp;&nbsp;&nbsp;&nbsp;&nbsp;&nbsp;&nbsp;&nbsp;&nbsp;&nbsp;&nbsp;&nbsp;&nbsp;&nbsp;&nbsp;&nbsp;&nbsp;&nbsp;&nbsp;&nbsp;&nbsp;&nbsp;&nbsp;&nbsp;&nbsp;&nbsp;&nbsp;&nbsp;&nbsp;&nbsp;&nbsp;&nbsp;&nbsp;&nbsp;&nbsp;&nbsp;&nbsp;&nbsp;&nbsp;&nbsp;&nbsp;&nbsp;&nbsp;&nbsp;&nbsp;&nbsp;&nbsp;&nbsp;&nbsp;&nbsp;&nbsp;&nbsp;&nbsp;&nbsp;&nbsp;&nbsp;&nbsp;&nbsp; Pongo\nel relieve en el plano econ\u00f3mico, porque gran parte de las promesas de campa\u00f1a,\nde los candidatos, casi siempre se relacionan con aspectos, que est\u00e1n regulados\nall\u00ed en el Orden P\u00fablico Econ\u00f3mico. Son los aspectos centrales de toda\neconom\u00eda, es el esqueleto, la columna vertebral de la econom\u00eda. Cualquier\nmodificaci\u00f3n que hagamos en estas materias, producir\u00e1 un impacto directo, en la\ncapacidad de atraer inversiones a Chile, en la capacidad de generar empleo, en\nla posibilidad de percibir mejores salarios.<\/p>\n\n\n\n<p>&nbsp;&nbsp;&nbsp;&nbsp;&nbsp;&nbsp;&nbsp;&nbsp;&nbsp;&nbsp;&nbsp;&nbsp;&nbsp;&nbsp;&nbsp;&nbsp;&nbsp;&nbsp;&nbsp;&nbsp;&nbsp;&nbsp;&nbsp;&nbsp;&nbsp;&nbsp;&nbsp;&nbsp;&nbsp;&nbsp;&nbsp;&nbsp;&nbsp;&nbsp;&nbsp;&nbsp;&nbsp;&nbsp;&nbsp;&nbsp;&nbsp;&nbsp;&nbsp;&nbsp;&nbsp;&nbsp;&nbsp;&nbsp;&nbsp;&nbsp;&nbsp;&nbsp;&nbsp;&nbsp;&nbsp;&nbsp;&nbsp;&nbsp;&nbsp;&nbsp;&nbsp;&nbsp;&nbsp;&nbsp;&nbsp;&nbsp;&nbsp;&nbsp;&nbsp;&nbsp;&nbsp;&nbsp;&nbsp;&nbsp;&nbsp;&nbsp;&nbsp;&nbsp;&nbsp;&nbsp;&nbsp;&nbsp;&nbsp;&nbsp; Cuando\nhablamos de una nueva constituci\u00f3n, debemos entender, que incluye materias como\nestas, de gran tecnicismo, y que son trascendentales, para que podamos vivir en\nla sociedad prospera a la que aspiramos.<\/p>\n\n\n\n<p>&nbsp;&nbsp;&nbsp;&nbsp;&nbsp;&nbsp;&nbsp;&nbsp;&nbsp;&nbsp;&nbsp;&nbsp;&nbsp;&nbsp;&nbsp;&nbsp;&nbsp;&nbsp;&nbsp;&nbsp;&nbsp;&nbsp;&nbsp;&nbsp;&nbsp;&nbsp;&nbsp;&nbsp;&nbsp;&nbsp;&nbsp;&nbsp;&nbsp;&nbsp;&nbsp;&nbsp;&nbsp;&nbsp;&nbsp;&nbsp;&nbsp;&nbsp;&nbsp;&nbsp;&nbsp;&nbsp;&nbsp;&nbsp;&nbsp;&nbsp;&nbsp;&nbsp;&nbsp;&nbsp;&nbsp;&nbsp;&nbsp;&nbsp;&nbsp;&nbsp;&nbsp;&nbsp;&nbsp;&nbsp;&nbsp;&nbsp;&nbsp;&nbsp;&nbsp;&nbsp;&nbsp;&nbsp;&nbsp;&nbsp;&nbsp;&nbsp;&nbsp;&nbsp;&nbsp;&nbsp;&nbsp;&nbsp;&nbsp;&nbsp; Es\nfundamental tener claro, que no existe ning\u00fan atajo para derrotar la pobreza y\nla desigualdad, ning\u00fan cambio legal o constitucional, nos va a convertir en un\npa\u00eds desarrollado y equitativo de la noche a la ma\u00f1ana.&nbsp; A nuestra generaci\u00f3n le toc\u00f3 esta tarea, y\ndebemos asumirla, pensando en las generaciones que vienen. Con responsabilidad,\ny confianza de que sabremos hacer lo que es correcto.<\/p>\n\n\n\n<p>Ernesto Sep\u00falveda Tornero<\/p>\n","protected":false},"excerpt":{"rendered":"<p>Nos acercamos raudamente, al plebiscito donde decidiremos, Apruebo o Rechazo a una nueva constituci\u00f3n. Un hito fundamental en nuestra historia republicana, pero que s\u00f3lo constituye el inicio del proceso constituyente&#8230;. <a class=\"read-more\" href=\"https:\/\/www.radiopresidenteibanez.cl\/web\/el-orden-publico-economico-por-ernesto-sepulveda\/\">Leer m\u00e1s<\/a><\/p>\n","protected":false},"author":2,"featured_media":2310,"comment_status":"closed","ping_status":"closed","sticky":false,"template":"","format":"standard","meta":{"footnotes":""},"categories":[1],"tags":[],"class_list":["post-14861","post","type-post","status-publish","format-standard","has-post-thumbnail","hentry","category-cronica"],"_links":{"self":[{"href":"https:\/\/www.radiopresidenteibanez.cl\/web\/wp-json\/wp\/v2\/posts\/14861","targetHints":{"allow":["GET"]}}],"collection":[{"href":"https:\/\/www.radiopresidenteibanez.cl\/web\/wp-json\/wp\/v2\/posts"}],"about":[{"href":"https:\/\/www.radiopresidenteibanez.cl\/web\/wp-json\/wp\/v2\/types\/post"}],"author":[{"embeddable":true,"href":"https:\/\/www.radiopresidenteibanez.cl\/web\/wp-json\/wp\/v2\/users\/2"}],"replies":[{"embeddable":true,"href":"https:\/\/www.radiopresidenteibanez.cl\/web\/wp-json\/wp\/v2\/comments?post=14861"}],"version-history":[{"count":0,"href":"https:\/\/www.radiopresidenteibanez.cl\/web\/wp-json\/wp\/v2\/posts\/14861\/revisions"}],"wp:featuredmedia":[{"embeddable":true,"href":"https:\/\/www.radiopresidenteibanez.cl\/web\/wp-json\/wp\/v2\/media\/2310"}],"wp:attachment":[{"href":"https:\/\/www.radiopresidenteibanez.cl\/web\/wp-json\/wp\/v2\/media?parent=14861"}],"wp:term":[{"taxonomy":"category","embeddable":true,"href":"https:\/\/www.radiopresidenteibanez.cl\/web\/wp-json\/wp\/v2\/categories?post=14861"},{"taxonomy":"post_tag","embeddable":true,"href":"https:\/\/www.radiopresidenteibanez.cl\/web\/wp-json\/wp\/v2\/tags?post=14861"}],"curies":[{"name":"wp","href":"https:\/\/api.w.org\/{rel}","templated":true}]}}