{"id":14858,"date":"2020-09-21T14:34:58","date_gmt":"2020-09-21T14:34:58","guid":{"rendered":"https:\/\/www.radiopresidenteibanez.cl\/web\/?p=14858"},"modified":"2020-09-21T14:35:03","modified_gmt":"2020-09-21T14:35:03","slug":"fiestas-patrias-pandemia-y-plebiscito-por-gabriel-munoz","status":"publish","type":"post","link":"https:\/\/www.radiopresidenteibanez.cl\/web\/fiestas-patrias-pandemia-y-plebiscito-por-gabriel-munoz\/","title":{"rendered":"FIESTAS PATRIAS, PANDEMIA Y PLEBISCITO por Gabriel Mu\u00f1oz"},"content":{"rendered":"\n<p>Un 18 de\nseptiembre totalmente distinto, con sentimientos encontrados de no poder\ncompartir con la familia y tus seres queridos, con una pandemia mundial que no\npermite olvidarla ni un segundo, en la televisi\u00f3n solo se habla de contagio,\ncuarentena, asintom\u00e1ticos y lamentablemente de muchos fallecidos en especial\nlos m\u00e1s d\u00e9biles tanto de salud como medio de protecci\u00f3n, que nos deber\u00eda\nentregar un Estado robusto y empoderado.<\/p>\n\n\n\n<p>A nivel\nnacional vemos un gobierno que se equivoca de estrategia sanitaria una y otra\nvez, a los parlamentarios entregando un &nbsp;libelo contra el exministro de Salud que ha\ngenerado todo un desorden en la oposici\u00f3n, si bien es evidente que Ma\u00f1alich\ntuvo responsabilidad en el mal manejo de la pandemia, muchos partidos de\noposici\u00f3n ven como se retrasan otras acusaciones constitucionales como la del Ministro\ndel Interior por el manejo del Paro de los camioneros.<\/p>\n\n\n\n<p>Desconciertan\nlas cr\u00edticas del intendente del Biob\u00edo, Sergio Giacaman, en contra de su propio\ngobierno por las medidas tomadas por el Ejecutivo en el marco de las Fiestas Patrias\nen pandemia, calificada como \u00abpermisiva y contradictoria\u00bb la entrega\nde permisos para reunirse con las familias durante las Fiestas Patrias,\nsituaci\u00f3n que le vali\u00f3 una reprimenda por parte de los ministros Enrique Paris\ny Jaime Bellolio. Pero que refleja a un Intendente posicionado en su cargo, sin\ntemor a criticar las malas medidas del gobierno Central.<\/p>\n\n\n\n<p>Localmente en\nnuestra regi\u00f3n de Magallanes quisi\u00e9ramos un Intendente posicionado y su\ngabinete, pero recordamos que en el primer a\u00f1o de gobierno, pasamos por tres\nautoridades regionales, que no deja de ser, cada uno con sus distintas formas\nde actuar\u2026 pero bueno, uno entiende que puede existir un periodo adecuaci\u00f3n y\nque jocosamente repite la historia del primer gobierno de Pi\u00f1era. <\/p>\n\n\n\n<p>El 12 de septiembre,\nse cumplieron 19 meses en el cargo del actual Intendente Fern\u00e1ndez, con una\nregi\u00f3n que preocupa por su alto nivel de contagios de Covid 19, con una\nautoridad Sanitaria como la Seremi de salud que estuvo ausente en gran parte al\ninicio de la pandemia, que esper\u00e1bamos m\u00e1s su salida que su retorno por sus\ndiferencias que ten\u00eda con la subsecretaria Dra. Paula Daza, volviendo asumir a fines\nde marzo cuando el contagio se hab\u00eda disparado en la comuna y las medidas\npreventivas que implementaba el equipo de salud&nbsp;\nse hac\u00edan insuficientes, llegando incluso a protestas ciudadanas como la\nocurrida en Puerto Prat, por el traslado de turistas al aeropuerto. Si no es,\npor la presi\u00f3n que generaron los parlamentarios en forma transversal y el propio\nColegio M\u00e9dico, la autoridad local no habr\u00eda decretado la primera cuarentena.<\/p>\n\n\n\n<p>Actualmente nos\ntoc\u00f3 vivir un 18 septiembre distinto, con la implantaci\u00f3n de una segunda\ncuarentena, alta tasa de contagios, contratos de residencias sanitarias\ncuestionadas en su funcionamiento y seguridad, con poca claridad de la\ntrazabilidad de los contagios, con demora de resultados de los ex\u00e1menes, un\ndemora de dos semanas en la entrega de licencias m\u00e9dicas que conlleva a la\nperdida del empleo, un sistema de salud casi colapsado y lo que es peor un alto\n\u00edndice de fallecidos en la primera quincena de septiembre.&nbsp; <\/p>\n\n\n\n<p>Donde se\nimplementan medidas como la Restricci\u00f3n Vehicular, donde lo expertos podr\u00e1n\nopinar si tiene alg\u00fan efecto en la disminuci\u00f3n de los contagios, pero se echan\nde menos otras pol\u00edticas p\u00fablicas que pudieron implementarse en forma local\ncomo el distanciamiento social al interior de buses p\u00fablicos,&nbsp; medias de sanitizaci\u00f3n en cada frecuencia,\ninstalaci\u00f3n de separadores entre choferes y pasajeros, paraderos diferidos con pediluvios\ny sanitizaci\u00f3n, el aumentar las frecuencias, etc.<\/p>\n\n\n\n<p>El pr\u00f3ximo\n25 de octubre el pa\u00eds y nuestra regi\u00f3n enfrentar\u00e1n un importante evento\ndemocr\u00e1tico, el Plebiscito que nos permitir\u00e1 generar un nuevo marco\nconstitucional, ser\u00e1 una nueva prueba de fuego para el gobierno regional,\ngenerar las condiciones necesarias que aseguren una alta participaci\u00f3n{on\nciudadana, para ello ser\u00e1 relevante el tomar las medidas que aseguren dicho\nobjetivo, en mi experiencia se hace indispensable que la Secretaria Regional\nMinisterial de Transporte, como ha ocurrido en procesos electorales anteriores,\nentregue todas las facilidades a los habitantes de la regi\u00f3n para su\ndesplazamiento a los distintos puntos de votaci\u00f3n, colaborando de esta forma a\nincrementar la participaci\u00f3n ciudadana, resguardando a su vez, las garant\u00edas\nsanitarias necesarias para el desplazamiento seguro de la poblaci\u00f3n en los\ndistintos medios de transporte.<\/p>\n\n\n\n<p>Solo queda\nreconocer el compromiso de los trabajadores de la salud de nuestra regi\u00f3n, que\nhan dejado todo para recuperar a nuestros amigos y familias, con un enorme\ncompromiso por los habitantes de Magallanes.<\/p>\n\n\n\n<p><strong>Gabriel Mu\u00f1oz<\/strong><\/p>\n\n\n\n<p><strong>Ex Seremi de Transporte y Telecomunicaciones<\/strong><\/p>\n\n\n\n<p><strong>Colectivo Vanguardia Comunitaria<\/strong><\/p>\n","protected":false},"excerpt":{"rendered":"<p>Un 18 de septiembre totalmente distinto, con sentimientos encontrados de no poder compartir con la familia y tus seres queridos, con una pandemia mundial que no permite olvidarla ni un&#8230; <a class=\"read-more\" href=\"https:\/\/www.radiopresidenteibanez.cl\/web\/fiestas-patrias-pandemia-y-plebiscito-por-gabriel-munoz\/\">Leer m\u00e1s<\/a><\/p>\n","protected":false},"author":2,"featured_media":14859,"comment_status":"closed","ping_status":"closed","sticky":false,"template":"","format":"standard","meta":{"footnotes":""},"categories":[1],"tags":[],"class_list":["post-14858","post","type-post","status-publish","format-standard","has-post-thumbnail","hentry","category-cronica"],"_links":{"self":[{"href":"https:\/\/www.radiopresidenteibanez.cl\/web\/wp-json\/wp\/v2\/posts\/14858","targetHints":{"allow":["GET"]}}],"collection":[{"href":"https:\/\/www.radiopresidenteibanez.cl\/web\/wp-json\/wp\/v2\/posts"}],"about":[{"href":"https:\/\/www.radiopresidenteibanez.cl\/web\/wp-json\/wp\/v2\/types\/post"}],"author":[{"embeddable":true,"href":"https:\/\/www.radiopresidenteibanez.cl\/web\/wp-json\/wp\/v2\/users\/2"}],"replies":[{"embeddable":true,"href":"https:\/\/www.radiopresidenteibanez.cl\/web\/wp-json\/wp\/v2\/comments?post=14858"}],"version-history":[{"count":0,"href":"https:\/\/www.radiopresidenteibanez.cl\/web\/wp-json\/wp\/v2\/posts\/14858\/revisions"}],"wp:featuredmedia":[{"embeddable":true,"href":"https:\/\/www.radiopresidenteibanez.cl\/web\/wp-json\/wp\/v2\/media\/14859"}],"wp:attachment":[{"href":"https:\/\/www.radiopresidenteibanez.cl\/web\/wp-json\/wp\/v2\/media?parent=14858"}],"wp:term":[{"taxonomy":"category","embeddable":true,"href":"https:\/\/www.radiopresidenteibanez.cl\/web\/wp-json\/wp\/v2\/categories?post=14858"},{"taxonomy":"post_tag","embeddable":true,"href":"https:\/\/www.radiopresidenteibanez.cl\/web\/wp-json\/wp\/v2\/tags?post=14858"}],"curies":[{"name":"wp","href":"https:\/\/api.w.org\/{rel}","templated":true}]}}