{"id":14855,"date":"2020-09-20T19:26:44","date_gmt":"2020-09-20T19:26:44","guid":{"rendered":"https:\/\/www.radiopresidenteibanez.cl\/web\/?p=14855"},"modified":"2020-09-20T19:26:55","modified_gmt":"2020-09-20T19:26:55","slug":"concejal-alejandro-soler-solicita-una-mano-de-pintura-para-el-frontis-del-primer-piso-del-edifico-municipal-de-colon-con-bories","status":"publish","type":"post","link":"https:\/\/www.radiopresidenteibanez.cl\/web\/concejal-alejandro-soler-solicita-una-mano-de-pintura-para-el-frontis-del-primer-piso-del-edifico-municipal-de-colon-con-bories\/","title":{"rendered":"CONCEJAL ALEJANDRO SOLER, SOLICITA UNA MANO DE PINTURA PARA EL FRONTIS DEL PRIMER PISO DEL EDIFICO MUNICIPAL DE COLON CON BORIES"},"content":{"rendered":"\n<p>El Concejal Alejandro Soler Guti\u00e9rrez, solicit\u00f3 a la Comisi\u00f3n de Infraestructura del Concejo Municipal, se gestione la reparaci\u00f3n del frontis del primer piso del Edificio Municipal, ubicado en la esquina de calle Bories con Avenida Colon de nuestras Ciudad.&nbsp;<\/p>\n\n\n\n<p>El edifico Municipal se encuentra emplazado en uno de los principales centros c\u00edvicos de nuestra ciudad, por donde transitan diariamente gran cantidad de vecinos, su frontis se encuentra totalmente rayado, por lo que se hace necesario aplicar una capa de pintura para mejorar la calidad de vida de los vecinos que por all\u00ed transitan, y adem\u00e1s continuar con la reparaci\u00f3n del centro de la Ciudad. &nbsp;<\/p>\n\n\n\n<p>Lo propuesto por el Edil Soler, es aplicar una \u201cecon\u00f3mica mano de pintura\u201d que podr\u00eda ejecutar la &nbsp;Direcci\u00f3n de Servicios Generales de la Municipalidad, con funcionarios de la misma dependencia, lo anterior debido a la ajusta situaci\u00f3n econ\u00f3mica por la que atraviesa la municipalidad ocasionada por el Coronavirus, cabe recordar que en el presupuesto municipal 2020 se destinaron $70.000.- para el dise\u00f1o y $500.000.- para la ejecuci\u00f3n, del proyecto para instalar en dicho edificio los principales servicios municipales de &nbsp;atenci\u00f3n de p\u00fablico, dinero que en definitiva se est\u00e1 utilizando para ayuda social ante la pandemia.&nbsp;<\/p>\n\n\n\n<p>Aprovechando la instancia, el Concejal Soler &nbsp;insiste en la necesidad de implementar en el Edificio de Colon con Bories, &nbsp;una Farmacia Comunal que permita a todos los &nbsp;vecinos obtener medicamentos econ\u00f3micos en un punto de f\u00e1cil y c\u00e9ntrico acceso de la ciudad &nbsp;<\/p>\n\n\n\n<p>Por \u00faltimo, ante la pandemia el Concejal Soler no puede dejar de reiterar:&nbsp;Vecino, cu\u00eddese, cuide a su familia, cuide a los otros vecinos, use su mascarilla, cumpla y fiscalice la ordenanza de uso de mascarillas.&nbsp;<\/p>\n","protected":false},"excerpt":{"rendered":"<p>El Concejal Alejandro Soler Guti\u00e9rrez, solicit\u00f3 a la Comisi\u00f3n de Infraestructura del Concejo Municipal, se gestione la reparaci\u00f3n del frontis del primer piso del Edificio Municipal, ubicado en la esquina&#8230; <a class=\"read-more\" href=\"https:\/\/www.radiopresidenteibanez.cl\/web\/concejal-alejandro-soler-solicita-una-mano-de-pintura-para-el-frontis-del-primer-piso-del-edifico-municipal-de-colon-con-bories\/\">Leer m\u00e1s<\/a><\/p>\n","protected":false},"author":2,"featured_media":14856,"comment_status":"closed","ping_status":"closed","sticky":false,"template":"","format":"standard","meta":{"footnotes":""},"categories":[1],"tags":[],"class_list":["post-14855","post","type-post","status-publish","format-standard","has-post-thumbnail","hentry","category-cronica"],"_links":{"self":[{"href":"https:\/\/www.radiopresidenteibanez.cl\/web\/wp-json\/wp\/v2\/posts\/14855","targetHints":{"allow":["GET"]}}],"collection":[{"href":"https:\/\/www.radiopresidenteibanez.cl\/web\/wp-json\/wp\/v2\/posts"}],"about":[{"href":"https:\/\/www.radiopresidenteibanez.cl\/web\/wp-json\/wp\/v2\/types\/post"}],"author":[{"embeddable":true,"href":"https:\/\/www.radiopresidenteibanez.cl\/web\/wp-json\/wp\/v2\/users\/2"}],"replies":[{"embeddable":true,"href":"https:\/\/www.radiopresidenteibanez.cl\/web\/wp-json\/wp\/v2\/comments?post=14855"}],"version-history":[{"count":0,"href":"https:\/\/www.radiopresidenteibanez.cl\/web\/wp-json\/wp\/v2\/posts\/14855\/revisions"}],"wp:featuredmedia":[{"embeddable":true,"href":"https:\/\/www.radiopresidenteibanez.cl\/web\/wp-json\/wp\/v2\/media\/14856"}],"wp:attachment":[{"href":"https:\/\/www.radiopresidenteibanez.cl\/web\/wp-json\/wp\/v2\/media?parent=14855"}],"wp:term":[{"taxonomy":"category","embeddable":true,"href":"https:\/\/www.radiopresidenteibanez.cl\/web\/wp-json\/wp\/v2\/categories?post=14855"},{"taxonomy":"post_tag","embeddable":true,"href":"https:\/\/www.radiopresidenteibanez.cl\/web\/wp-json\/wp\/v2\/tags?post=14855"}],"curies":[{"name":"wp","href":"https:\/\/api.w.org\/{rel}","templated":true}]}}