{"id":14845,"date":"2020-09-20T15:29:37","date_gmt":"2020-09-20T15:29:37","guid":{"rendered":"https:\/\/www.radiopresidenteibanez.cl\/web\/?p=14845"},"modified":"2020-09-20T15:29:42","modified_gmt":"2020-09-20T15:29:42","slug":"pulso-sindical-diario-de-la-cgt-chile-10","status":"publish","type":"post","link":"https:\/\/www.radiopresidenteibanez.cl\/web\/pulso-sindical-diario-de-la-cgt-chile-10\/","title":{"rendered":"PULSO SINDICAL DIARIO DE LA CGT CHILE"},"content":{"rendered":"\n<p>1.- Podr\u00eda errarle en el mes y el a\u00f1o, pero de lo que tengo\nplena conciencia es de que la vi actuar y entre el tumulto de gente que la\nesperaba detr\u00e1s del escenario m\u00f3vil, logr\u00e9 recibir varias fotos autografiadas\nque ella arroj\u00f3 a esa tan variopinta concurrencia.<\/p>\n\n\n\n<p>Incluso puede no ser del todo correcta la informaci\u00f3n que\ntengo en la mente de lo que presencie esa noche, pero de que hab\u00edan artistas\nconocidos no tengo ninguna duda.<\/p>\n\n\n\n<p>Era el mes de junio del a\u00f1o 1966, cuando lleg\u00f3 a la\npoblaci\u00f3n un espect\u00e1culo que se llamaba \u00abShow 007\u00bb encabezado por\n\u00d3scar Arriagada, quien hab\u00eda hecho famoso el \u00abtwist del esqueleto\u00bb y\nque recorr\u00eda el pa\u00eds con los artistas m\u00e1s conocidos de esa \u00e9poca.<\/p>\n\n\n\n<p>El asunto es que luego de que ella cantara, presentaron a un\npar de artistas m\u00e1s y se baj\u00f3 el tel\u00f3n. Por la parte de atr\u00e1s de lo que era el\nescenario habia una puertecita para la salida de los artistas, la que se abri\u00f3\npara mostrarnos la figura menuda de esa se\u00f1ora con poncho, vestido largo, pelo\ntomado y cara triste , que con guitarra en mano saludo a quienes ah\u00ed est\u00e1bamos\ny arroj\u00f3 algunas fotos con su figura y la letra de una canci\u00f3n en el reverso.\nCog\u00ed varias de esas fotos que en los d\u00edas siguientes repart\u00ed en el Liceo.<\/p>\n\n\n\n<p>Yo, siendo un ni\u00f1o de la poblaci\u00f3n, escuche cantar y estuve\na solo algunos metros de la gran Violeta Parra. Inolvidable.<\/p>\n\n\n\n<p>2.- Fue una de tantas convocatorias al Caupolic\u00e1n, en la que\nparticipamos con los cabros de la base Fidel Castro. Corr\u00eda el a\u00f1o 1972 y se\ndaba una fuerte lucha con las posiciones de derecha y de centro, que promov\u00edan\nel desabastecimiento y la subversion. Luego de los discursos vino la parte\nmusical y el artista invitado nos regal\u00f3 sus mejores canciones. <\/p>\n\n\n\n<p>En un momento de su actuaci\u00f3n, nos dijo que hab\u00eda compuesto\nun tema que deseaba presentar ante quienes est\u00e1bamos all\u00ed. Quer\u00eda demostrarnos\nque no se requiere de mucho para crear, pues el hombre est\u00e1 preparado para ello\nen todo espacio y lugar.<\/p>\n\n\n\n<p>Pidi\u00f3 una peineta y el pa<\/p>\n\n\n\n<p>pel de celof\u00e1n que cubre las cajetillas de cigarrillos.&nbsp; Una vez que las cosas llegaron a sus manos\ncubri\u00f3 la peineta con el envoltorio de celof\u00e1n, la llev\u00f3 a sus labios y sopl\u00f3,\nsac\u00e1ndole un hermoso sonido. Luego vinieron los acordes de guitarra y su voz.<\/p>\n\n\n\n<p>Sonaba por primera vez en p\u00fablico la canci\u00f3n \u00abEl hombre\nes un creador\u00bb,&nbsp; luego de ello\nV\u00edctor Jara se desped\u00eda de un Caupolic\u00e1n lleno hasta el techo, con su amplia e\ninolvidable sonrisa.<\/p>\n\n\n\n<p>Yo tuve la fortuna de estar ah\u00ed y escucharlo.<\/p>\n\n\n\n<p>3.- Violeta y V\u00edctor estuvieron&nbsp; siempre junto al pueblo y a\u00fan lo est\u00e1n.\nFormando, entreteniendo, orientando, ayudando a encontrar caminos y seguirlos.<\/p>\n","protected":false},"excerpt":{"rendered":"<p>1.- Podr\u00eda errarle en el mes y el a\u00f1o, pero de lo que tengo plena conciencia es de que la vi actuar y entre el tumulto de gente que la&#8230; <a class=\"read-more\" href=\"https:\/\/www.radiopresidenteibanez.cl\/web\/pulso-sindical-diario-de-la-cgt-chile-10\/\">Leer m\u00e1s<\/a><\/p>\n","protected":false},"author":2,"featured_media":14846,"comment_status":"closed","ping_status":"closed","sticky":false,"template":"","format":"standard","meta":{"footnotes":""},"categories":[1,48],"tags":[],"class_list":["post-14845","post","type-post","status-publish","format-standard","has-post-thumbnail","hentry","category-cronica","category-pulso-sindical-diario"],"_links":{"self":[{"href":"https:\/\/www.radiopresidenteibanez.cl\/web\/wp-json\/wp\/v2\/posts\/14845","targetHints":{"allow":["GET"]}}],"collection":[{"href":"https:\/\/www.radiopresidenteibanez.cl\/web\/wp-json\/wp\/v2\/posts"}],"about":[{"href":"https:\/\/www.radiopresidenteibanez.cl\/web\/wp-json\/wp\/v2\/types\/post"}],"author":[{"embeddable":true,"href":"https:\/\/www.radiopresidenteibanez.cl\/web\/wp-json\/wp\/v2\/users\/2"}],"replies":[{"embeddable":true,"href":"https:\/\/www.radiopresidenteibanez.cl\/web\/wp-json\/wp\/v2\/comments?post=14845"}],"version-history":[{"count":0,"href":"https:\/\/www.radiopresidenteibanez.cl\/web\/wp-json\/wp\/v2\/posts\/14845\/revisions"}],"wp:featuredmedia":[{"embeddable":true,"href":"https:\/\/www.radiopresidenteibanez.cl\/web\/wp-json\/wp\/v2\/media\/14846"}],"wp:attachment":[{"href":"https:\/\/www.radiopresidenteibanez.cl\/web\/wp-json\/wp\/v2\/media?parent=14845"}],"wp:term":[{"taxonomy":"category","embeddable":true,"href":"https:\/\/www.radiopresidenteibanez.cl\/web\/wp-json\/wp\/v2\/categories?post=14845"},{"taxonomy":"post_tag","embeddable":true,"href":"https:\/\/www.radiopresidenteibanez.cl\/web\/wp-json\/wp\/v2\/tags?post=14845"}],"curies":[{"name":"wp","href":"https:\/\/api.w.org\/{rel}","templated":true}]}}