{"id":14840,"date":"2020-09-19T02:25:57","date_gmt":"2020-09-19T02:25:57","guid":{"rendered":"https:\/\/www.radiopresidenteibanez.cl\/web\/?p=14840"},"modified":"2020-09-19T02:26:01","modified_gmt":"2020-09-19T02:26:01","slug":"seremi-de-salud-refuerza-equipo-de-trazabilidad-en-magallanes","status":"publish","type":"post","link":"https:\/\/www.radiopresidenteibanez.cl\/web\/seremi-de-salud-refuerza-equipo-de-trazabilidad-en-magallanes\/","title":{"rendered":"SEREMI DE SALUD REFUERZA EQUIPO DE TRAZABILIDAD EN MAGALLANES"},"content":{"rendered":"\n<p>Frente al aumento de casos positivos por\ncoronavirus, la Secretar\u00eda Regional Ministerial de Salud Magallanes ha ampliado\nla vigilancia epidemiol\u00f3gica con la contrataci\u00f3n de 46 nuevos trazadores,\nprofesionales de salud capacitados que llegan a reforzar la trazabilidad y\naislamiento en Magallanes; 40 en Punta Arenas, 3 en Puerto Natales y 3 en\nPorvenir. &nbsp;En total, suman 70 personas\nque pesquisan, a\u00edslan y evitan que los casos positivos y sus contactos\nestrechos contagien a otras personas.<\/p>\n\n\n\n<p>La estrategia de trazabilidad y aislamiento es\naplicada desde el inicio de la pandemia con el fin de determinar el perfil de\nsalud y tomar acciones de salud p\u00fablica que permitan mitigar los efectos de\nCovid-19 en la regi\u00f3n. Una correcta estrategia de trazabilidad \u2013para rastrear y\naislar a los contagiados y sus contactos\u2013 es clave para el desconfinamiento. <\/p>\n\n\n\n<p>Este proceso consta de una entrevista detallada\ny acuciosa que se realiza v\u00eda telef\u00f3nica y que requiere investigaci\u00f3n para\nesclarecer qu\u00e9 es lo que hizo el caso positivo y qui\u00e9nes fueron sus contactos\nestrechos para as\u00ed bloquearlos e instruir el confinamiento. Junto a la\nentrevista epidemiol\u00f3gica, el equipo de trazabilidad de la Seremi de Salud informa\nsobre medidas preventivas durante la cuarentena y orienta sobre las diversas\nsituaciones que puedan suscitarse durante el aislamiento. Junto a este equipo\ncolabora un grupo de siete trazadores de la Fundaci\u00f3n Hernando de Magallanes,\ncomo parte de un proyecto financiado por el Consejo Regional.<\/p>\n\n\n\n<p>Al respecto, Vivian Garay, Jefe de Salud\nP\u00fablica de la Seremi de Salud dijo que: \u201cEn general los profesionales han\nadherido muy bien al proceso de trazabilidad, en promedio trazan de 5 a 10 personas,\ntodo depende de la cantidad de contactos estrechos que tenga cada caso positivo,\npor lo que un trazador puede hacer en el d\u00eda 50 llamadas. Uno se da cuenta al\nmirar el n\u00famero de contactos estrechos que la comunidad no ha respetado la cuarentena,\nsi una persona tiene doce, catorce o dieciocho contactos estrechos significa\nque existe reuni\u00f3n social de personas\u201d. &nbsp;<\/p>\n\n\n\n<p>El virus se tiene que aislar para que no se\nexpanda a nivel comunitario y pueda llegar a personas con factores de riesgo\n(enfermos cr\u00f3nicos o adultos mayores), \u201cSi las personas de riesgo se contagian\nrequerir\u00e1n cama UCI y eso es lo que no queremos que suceda. Nosotros evitamos\nque la gente llegue al hospital\u201d, agreg\u00f3 Vivian Garay. <\/p>\n\n\n\n<p>El trabajo de estas personas permitir\u00e1 que\nmuchos trabajadores de salud que estaba dedicados 100% a trazabilidad, puedan\nretomar sus funciones y dar respuesta a los diversos programas de la Seremi de\nSalud. <\/p>\n","protected":false},"excerpt":{"rendered":"<p>Frente al aumento de casos positivos por coronavirus, la Secretar\u00eda Regional Ministerial de Salud Magallanes ha ampliado la vigilancia epidemiol\u00f3gica con la contrataci\u00f3n de 46 nuevos trazadores, profesionales de salud&#8230; <a class=\"read-more\" href=\"https:\/\/www.radiopresidenteibanez.cl\/web\/seremi-de-salud-refuerza-equipo-de-trazabilidad-en-magallanes\/\">Leer m\u00e1s<\/a><\/p>\n","protected":false},"author":2,"featured_media":14841,"comment_status":"closed","ping_status":"closed","sticky":false,"template":"","format":"standard","meta":{"footnotes":""},"categories":[1],"tags":[],"class_list":["post-14840","post","type-post","status-publish","format-standard","has-post-thumbnail","hentry","category-cronica"],"_links":{"self":[{"href":"https:\/\/www.radiopresidenteibanez.cl\/web\/wp-json\/wp\/v2\/posts\/14840","targetHints":{"allow":["GET"]}}],"collection":[{"href":"https:\/\/www.radiopresidenteibanez.cl\/web\/wp-json\/wp\/v2\/posts"}],"about":[{"href":"https:\/\/www.radiopresidenteibanez.cl\/web\/wp-json\/wp\/v2\/types\/post"}],"author":[{"embeddable":true,"href":"https:\/\/www.radiopresidenteibanez.cl\/web\/wp-json\/wp\/v2\/users\/2"}],"replies":[{"embeddable":true,"href":"https:\/\/www.radiopresidenteibanez.cl\/web\/wp-json\/wp\/v2\/comments?post=14840"}],"version-history":[{"count":0,"href":"https:\/\/www.radiopresidenteibanez.cl\/web\/wp-json\/wp\/v2\/posts\/14840\/revisions"}],"wp:featuredmedia":[{"embeddable":true,"href":"https:\/\/www.radiopresidenteibanez.cl\/web\/wp-json\/wp\/v2\/media\/14841"}],"wp:attachment":[{"href":"https:\/\/www.radiopresidenteibanez.cl\/web\/wp-json\/wp\/v2\/media?parent=14840"}],"wp:term":[{"taxonomy":"category","embeddable":true,"href":"https:\/\/www.radiopresidenteibanez.cl\/web\/wp-json\/wp\/v2\/categories?post=14840"},{"taxonomy":"post_tag","embeddable":true,"href":"https:\/\/www.radiopresidenteibanez.cl\/web\/wp-json\/wp\/v2\/tags?post=14840"}],"curies":[{"name":"wp","href":"https:\/\/api.w.org\/{rel}","templated":true}]}}