{"id":14837,"date":"2020-09-19T02:22:29","date_gmt":"2020-09-19T02:22:29","guid":{"rendered":"https:\/\/www.radiopresidenteibanez.cl\/web\/?p=14837"},"modified":"2020-09-19T02:22:34","modified_gmt":"2020-09-19T02:22:34","slug":"alcalde-radonich-valoro-aprobacion-del-consejo-regional-para-la-construccion-de-un-nuevo-cesfam-en-el-barrio-18","status":"publish","type":"post","link":"https:\/\/www.radiopresidenteibanez.cl\/web\/alcalde-radonich-valoro-aprobacion-del-consejo-regional-para-la-construccion-de-un-nuevo-cesfam-en-el-barrio-18\/","title":{"rendered":"ALCALDE RADONICH VALOR\u00d3 APROBACI\u00d3N DEL CONSEJO REGIONAL PARA LA CONSTRUCCI\u00d3N DE UN NUEVO CESFAM EN EL BARRIO 18"},"content":{"rendered":"\n<p>\u201cComo Municipalidad de Punta Arenas, valoramos la aprobaci\u00f3n un\u00e1nime del Consejo Regional de Magallanes, que permitir\u00e1 la construcci\u00f3n de un nuevo Centro de Salud Familiar (CESFAM) en el Barrio 18 de Septiembre\u201d, expres\u00f3 el alcalde de la comuna, Claudio Radonich, luego de conocer la noticia el d\u00eda de ayer (mi\u00e9rcoles 16 sep).<\/p>\n\n\n\n<p>A esto agreg\u00f3 que \u201ces una muy buena noticia para Punta Arenas, pero sobre todo para los habitantes del sector de la 18. Damos gracias a los CORE que de manera un\u00e1nime han aprobado este proyecto\u201d.<\/p>\n\n\n\n<p>De igual forma, Radonich aclar\u00f3 y explic\u00f3 que \u201ceste no ser\u00e1 un trabajo r\u00e1pido ni f\u00e1cil de ejecutar, ya que el nuevo edificio se construir\u00e1 en el mismo lugar donde actualmente, se emplaza el CESFAM, lo que significa que habr\u00e1 que trasladar provisoriamente, todo el equipamiento y la atenci\u00f3n a una cuadra y media de ah\u00ed, siendo la explanada del Liceo Mar\u00eda Behety el lugar escogido para ello\u201d.<\/p>\n\n\n\n<p>Seg\u00fan coment\u00f3 el jefe comunal, \u201cluego de eso, una vez construido el edificio definitivo, podremos disfrutar del nuevo recinto, el cual contar\u00e1 con el triple de metros cuadrados, mayores espacios y comodidades, tanto para nuestros vecinos como para los funcionarios y trabajadores del CESFAM\u201d.<\/p>\n\n\n\n<p>De acuerdo a los antecedentes del proyecto, dichas obras dotar\u00e1n de un nuevo recinto de Atenci\u00f3n Primaria a este emblem\u00e1tico Barrio, emplazado en el sector sur poniente de la capital regional, beneficiando a m\u00e1s de 16 mil vecinos.<\/p>\n\n\n\n<p>La iniciativa se enmarca en el Convenio de Programaci\u00f3n entre el Ministerio de Salud y el Gobierno Regional, y representa una inversi\u00f3n que supera los 10 mil millones de pesos, dando respuesta a un anhelo de casi 15 a\u00f1os.&nbsp; &nbsp;<\/p>\n","protected":false},"excerpt":{"rendered":"<p>\u201cComo Municipalidad de Punta Arenas, valoramos la aprobaci\u00f3n un\u00e1nime del Consejo Regional de Magallanes, que permitir\u00e1 la construcci\u00f3n de un nuevo Centro de Salud Familiar (CESFAM) en el Barrio 18&#8230; <a class=\"read-more\" href=\"https:\/\/www.radiopresidenteibanez.cl\/web\/alcalde-radonich-valoro-aprobacion-del-consejo-regional-para-la-construccion-de-un-nuevo-cesfam-en-el-barrio-18\/\">Leer m\u00e1s<\/a><\/p>\n","protected":false},"author":2,"featured_media":14838,"comment_status":"closed","ping_status":"closed","sticky":false,"template":"","format":"standard","meta":{"footnotes":""},"categories":[1],"tags":[],"class_list":["post-14837","post","type-post","status-publish","format-standard","has-post-thumbnail","hentry","category-cronica"],"_links":{"self":[{"href":"https:\/\/www.radiopresidenteibanez.cl\/web\/wp-json\/wp\/v2\/posts\/14837","targetHints":{"allow":["GET"]}}],"collection":[{"href":"https:\/\/www.radiopresidenteibanez.cl\/web\/wp-json\/wp\/v2\/posts"}],"about":[{"href":"https:\/\/www.radiopresidenteibanez.cl\/web\/wp-json\/wp\/v2\/types\/post"}],"author":[{"embeddable":true,"href":"https:\/\/www.radiopresidenteibanez.cl\/web\/wp-json\/wp\/v2\/users\/2"}],"replies":[{"embeddable":true,"href":"https:\/\/www.radiopresidenteibanez.cl\/web\/wp-json\/wp\/v2\/comments?post=14837"}],"version-history":[{"count":0,"href":"https:\/\/www.radiopresidenteibanez.cl\/web\/wp-json\/wp\/v2\/posts\/14837\/revisions"}],"wp:featuredmedia":[{"embeddable":true,"href":"https:\/\/www.radiopresidenteibanez.cl\/web\/wp-json\/wp\/v2\/media\/14838"}],"wp:attachment":[{"href":"https:\/\/www.radiopresidenteibanez.cl\/web\/wp-json\/wp\/v2\/media?parent=14837"}],"wp:term":[{"taxonomy":"category","embeddable":true,"href":"https:\/\/www.radiopresidenteibanez.cl\/web\/wp-json\/wp\/v2\/categories?post=14837"},{"taxonomy":"post_tag","embeddable":true,"href":"https:\/\/www.radiopresidenteibanez.cl\/web\/wp-json\/wp\/v2\/tags?post=14837"}],"curies":[{"name":"wp","href":"https:\/\/api.w.org\/{rel}","templated":true}]}}