{"id":14823,"date":"2020-09-19T01:31:01","date_gmt":"2020-09-19T01:31:01","guid":{"rendered":"https:\/\/www.radiopresidenteibanez.cl\/web\/?p=14823"},"modified":"2020-09-19T01:31:07","modified_gmt":"2020-09-19T01:31:07","slug":"dirigentes-sociales-se-interiorizan-sobre-medidas-que-rigen-para-fiestas-patrias","status":"publish","type":"post","link":"https:\/\/www.radiopresidenteibanez.cl\/web\/dirigentes-sociales-se-interiorizan-sobre-medidas-que-rigen-para-fiestas-patrias\/","title":{"rendered":"DIRIGENTES SOCIALES SE INTERIORIZAN SOBRE MEDIDAS QUE RIGEN PARA FIESTAS PATRIAS"},"content":{"rendered":"\n<p>Previo\nal inicio de las celebraciones de Fiestas Patrias, el gobernador de la\nprovincia de \u00daltima Esperanza, Ra\u00fal Suazo, la seremi de Gobierno, Alejandra\nMu\u00f1oz, y la coordinadora de Seguridad P\u00fablica, Jennifer Rojas, sostuvieron una\nreuni\u00f3n virtual con dirigentes sociales, que se interiorizaron sobre las\nmedidas que regir\u00e1n durante estos d\u00edas.<\/p>\n\n\n\n<p>En el\nencuentro, dirigentes de Punta Arenas y Puerto Natales, les manifestaron a las\nautoridades regionales sus inquietudes respecto al cumplimiento de las\nnormativas vigentes; fiscalizaciones que se realizar\u00e1n, y la prohibici\u00f3n de\ndesplazamiento a otras viviendas para celebrar las Fiestas Patrias.<\/p>\n\n\n\n<p>El\nllamado de las autoridades, y considerando que todas las medidas anunciadas\nbuscan resguardar la salud de la poblaci\u00f3n, es a denunciar a quienes no\nrespeten las medidas, como es el caso de la cuarentena total en Punta Arenas,\nPuerto Natales y Porvenir, que mantienen las restricciones de movilidad\nvigentes.<\/p>\n\n\n\n<p>La\nseremi de Gobierno, Alejandra Mu\u00f1oz, destac\u00f3 la importancia de tener espacios\nque permitan una comunicaci\u00f3n directa con nuestros vecinos. <\/p>\n\n\n\n<p>\u201cLos\ndirigentes ten\u00edan muchas dudas sobre algunas medidas y esta fue una gran\ninstancia para resolverlas. Cuando se establece el di\u00e1logo en el marco del\nrespeto podemos avanzar de mejor manera y hacer llegar la voz de las personas a\nlas instancias correspondientes. Como gobierno estaremos a disposici\u00f3n de las\nfamilias magall\u00e1nicas para seguir promoviendo este tipo de reuniones, donde\npodemos resolver inquietudes, escuchar, entregar informaci\u00f3n respecto de las\nmedidas con las que cuenta nuestra regi\u00f3n, y tambi\u00e9n gestionar apoyos, ya que a\nalgunas familias no lo han recibido o no han podido acceder a ellos\u00bb,\nse\u00f1al\u00f3 la vocera del gobierno regional. <\/p>\n\n\n\n<p>La\ncoordinadora de Seguridad P\u00fablica, Jennifer Rojas, reconoci\u00f3 que siempre es\npositivo y es un agrado poder sostener reuniones con nuestros dirigentes\nsociales que son por supuesto una red de apoyo muy importante para la gesti\u00f3n\nque realizamos desde los distintos organismos p\u00fablicos.<\/p>\n\n\n\n<p>\u201cEllos\nconocen la realidad de sus sectores, tienen llegada con los vecinos y, en esta\noportunidad, como en muchas otras, nos van ayudar a entregar un mensaje\npreventivo a la comunidad, y tambi\u00e9n cu\u00e1les son los canales de denuncia, porque\ntenemos un fin de semana largo en el que pueden suceder muchas situaciones de\nviolencia o actos delictuales que queremos prevenir\u201d, asegur\u00f3 Rojas.<\/p>\n","protected":false},"excerpt":{"rendered":"<p>Previo al inicio de las celebraciones de Fiestas Patrias, el gobernador de la provincia de \u00daltima Esperanza, Ra\u00fal Suazo, la seremi de Gobierno, Alejandra Mu\u00f1oz, y la coordinadora de Seguridad&#8230; <a class=\"read-more\" href=\"https:\/\/www.radiopresidenteibanez.cl\/web\/dirigentes-sociales-se-interiorizan-sobre-medidas-que-rigen-para-fiestas-patrias\/\">Leer m\u00e1s<\/a><\/p>\n","protected":false},"author":2,"featured_media":14824,"comment_status":"closed","ping_status":"closed","sticky":false,"template":"","format":"standard","meta":{"footnotes":""},"categories":[1],"tags":[],"class_list":["post-14823","post","type-post","status-publish","format-standard","has-post-thumbnail","hentry","category-cronica"],"_links":{"self":[{"href":"https:\/\/www.radiopresidenteibanez.cl\/web\/wp-json\/wp\/v2\/posts\/14823","targetHints":{"allow":["GET"]}}],"collection":[{"href":"https:\/\/www.radiopresidenteibanez.cl\/web\/wp-json\/wp\/v2\/posts"}],"about":[{"href":"https:\/\/www.radiopresidenteibanez.cl\/web\/wp-json\/wp\/v2\/types\/post"}],"author":[{"embeddable":true,"href":"https:\/\/www.radiopresidenteibanez.cl\/web\/wp-json\/wp\/v2\/users\/2"}],"replies":[{"embeddable":true,"href":"https:\/\/www.radiopresidenteibanez.cl\/web\/wp-json\/wp\/v2\/comments?post=14823"}],"version-history":[{"count":0,"href":"https:\/\/www.radiopresidenteibanez.cl\/web\/wp-json\/wp\/v2\/posts\/14823\/revisions"}],"wp:featuredmedia":[{"embeddable":true,"href":"https:\/\/www.radiopresidenteibanez.cl\/web\/wp-json\/wp\/v2\/media\/14824"}],"wp:attachment":[{"href":"https:\/\/www.radiopresidenteibanez.cl\/web\/wp-json\/wp\/v2\/media?parent=14823"}],"wp:term":[{"taxonomy":"category","embeddable":true,"href":"https:\/\/www.radiopresidenteibanez.cl\/web\/wp-json\/wp\/v2\/categories?post=14823"},{"taxonomy":"post_tag","embeddable":true,"href":"https:\/\/www.radiopresidenteibanez.cl\/web\/wp-json\/wp\/v2\/tags?post=14823"}],"curies":[{"name":"wp","href":"https:\/\/api.w.org\/{rel}","templated":true}]}}