{"id":14814,"date":"2020-09-17T18:47:43","date_gmt":"2020-09-17T18:47:43","guid":{"rendered":"https:\/\/www.radiopresidenteibanez.cl\/web\/?p=14814"},"modified":"2020-09-17T18:47:47","modified_gmt":"2020-09-17T18:47:47","slug":"prodemu-magallanes-llama-a-las-mujeres-a-celebrar-estas-fiestas-patrias-a-traves-de-reuniones-digitales","status":"publish","type":"post","link":"https:\/\/www.radiopresidenteibanez.cl\/web\/prodemu-magallanes-llama-a-las-mujeres-a-celebrar-estas-fiestas-patrias-a-traves-de-reuniones-digitales\/","title":{"rendered":"PRODEMU MAGALLANES LLAMA A LAS MUJERES A CELEBRAR  ESTAS FIESTAS PATRIAS A TRAV\u00c9S DE REUNIONES DIGITALES"},"content":{"rendered":"\n<p>Prevenir una\nnueva alza en los contagios por Covid_19 durante los d\u00edas de celebraci\u00f3n de\nfiestas patrias es el objetivo de las autoridades, por ello PRODEMU, fundaci\u00f3n que preside la\nPrimera Dama Cecilia Morel, se suma a este llamado, incentivando las reuniones\ndigitales con nuestros familiares y amigos cercanos.<\/p>\n\n\n\n<p>En Magallanes,\n82 mujeres PRODEMU (de las provincias de Magallanes, \u00daltima Esperanza y Tierra\ndel Fuego) podr\u00e1n\nestar conectadas durante estas celebraciones gracias a la ruta del\nempoderamiento digital, que las capacit\u00f3 en herramientas para uso econ\u00f3mico y\nsocial, con el fin de que puedan ofrecer sus emprendimientos a sus contactos\npor Facebook o Instagram, generando ingresos extras en estos d\u00edas.<\/p>\n\n\n\n<p>La pandemia oblig\u00f3 a muchas mujeres a\nsuperar la brecha digital, que seg\u00fan el Centro de Estudios de G\u00e9nero de PRODEMU\ntambi\u00e9n es una brecha de g\u00e9nero. Debido a lo anterior,\nPRODEMU entreg\u00f3 un kit digital, que consiste en un equipo Samsung Galaxy A10S con minutos\nilimitados por 18 meses, redes sociales gratis y cobertura&nbsp;en todo Chile.<\/p>\n\n\n\n<p>La directora regional de PRODEMU,\nGabriela S\u00e1nchez Ca\u00f1ete, hizo un llamado a la comunidad magall\u00e1nica a celebrar\nestas fiestas patrias, en tiempo de pandemia, con absoluta responsabilidad y\nautocuidado, velando por el bienestar de todos y todas, a valorar y a vivir\nintensamente nuestras costumbres y valores patrios al interior de nuestros\nhogares, con nuestros hijos e hijas. <\/p>\n\n\n\n<p>\u201cLa seguridad y prevenci\u00f3n, especialmente en el\nactual contexto de crisis sanitaria, es tarea y compromiso de cada chileno y\nchilena, cuid\u00e9monos entre todos y todas\u201d, recomend\u00f3 la directora de PRODEMU\nMagallanes.\n\nFinalmente,\npara la directora nacional Paola Diez, \u201ceste kit digital permite que, en estas\nfiestas patrias, las mujeres PRODEMU puedan cuidarse de acuerdo a las medidas\nsanitarias que rigen en sus territorios, pero estando conectadas con sus seres\nqueridos a trav\u00e9s de las redes sociales. Esta es una herramienta de\nempoderamiento digital que les permitir\u00e1 pasar estas fiestas acompa\u00f1adas pese a\nlas restricciones\u201d.\n\n\n\n<\/p>\n","protected":false},"excerpt":{"rendered":"<p>Prevenir una nueva alza en los contagios por Covid_19 durante los d\u00edas de celebraci\u00f3n de fiestas patrias es el objetivo de las autoridades, por ello PRODEMU, fundaci\u00f3n que preside la&#8230; <a class=\"read-more\" href=\"https:\/\/www.radiopresidenteibanez.cl\/web\/prodemu-magallanes-llama-a-las-mujeres-a-celebrar-estas-fiestas-patrias-a-traves-de-reuniones-digitales\/\">Leer m\u00e1s<\/a><\/p>\n","protected":false},"author":2,"featured_media":14815,"comment_status":"closed","ping_status":"closed","sticky":false,"template":"","format":"standard","meta":{"footnotes":""},"categories":[1],"tags":[],"class_list":["post-14814","post","type-post","status-publish","format-standard","has-post-thumbnail","hentry","category-cronica"],"_links":{"self":[{"href":"https:\/\/www.radiopresidenteibanez.cl\/web\/wp-json\/wp\/v2\/posts\/14814","targetHints":{"allow":["GET"]}}],"collection":[{"href":"https:\/\/www.radiopresidenteibanez.cl\/web\/wp-json\/wp\/v2\/posts"}],"about":[{"href":"https:\/\/www.radiopresidenteibanez.cl\/web\/wp-json\/wp\/v2\/types\/post"}],"author":[{"embeddable":true,"href":"https:\/\/www.radiopresidenteibanez.cl\/web\/wp-json\/wp\/v2\/users\/2"}],"replies":[{"embeddable":true,"href":"https:\/\/www.radiopresidenteibanez.cl\/web\/wp-json\/wp\/v2\/comments?post=14814"}],"version-history":[{"count":0,"href":"https:\/\/www.radiopresidenteibanez.cl\/web\/wp-json\/wp\/v2\/posts\/14814\/revisions"}],"wp:featuredmedia":[{"embeddable":true,"href":"https:\/\/www.radiopresidenteibanez.cl\/web\/wp-json\/wp\/v2\/media\/14815"}],"wp:attachment":[{"href":"https:\/\/www.radiopresidenteibanez.cl\/web\/wp-json\/wp\/v2\/media?parent=14814"}],"wp:term":[{"taxonomy":"category","embeddable":true,"href":"https:\/\/www.radiopresidenteibanez.cl\/web\/wp-json\/wp\/v2\/categories?post=14814"},{"taxonomy":"post_tag","embeddable":true,"href":"https:\/\/www.radiopresidenteibanez.cl\/web\/wp-json\/wp\/v2\/tags?post=14814"}],"curies":[{"name":"wp","href":"https:\/\/api.w.org\/{rel}","templated":true}]}}