{"id":14810,"date":"2020-09-17T12:55:47","date_gmt":"2020-09-17T12:55:47","guid":{"rendered":"https:\/\/www.radiopresidenteibanez.cl\/web\/?p=14810"},"modified":"2020-09-17T12:55:51","modified_gmt":"2020-09-17T12:55:51","slug":"clinica-movil-del-municipio-se-traslado-hasta-la-villa-alfredo-lorca-para-realizar-examenes-pcr-a-los-vecinos-del-sector","status":"publish","type":"post","link":"https:\/\/www.radiopresidenteibanez.cl\/web\/clinica-movil-del-municipio-se-traslado-hasta-la-villa-alfredo-lorca-para-realizar-examenes-pcr-a-los-vecinos-del-sector\/","title":{"rendered":"CL\u00cdNICA M\u00d3VIL DEL MUNICIPIO SE TRASLAD\u00d3 HASTA LA VILLA ALFREDO LORCA PARA REALIZAR EX\u00c1MENES PCR A LOS VECINOS DEL SECTOR"},"content":{"rendered":"\n<p>En poco m\u00e1s de un mes desde que comenz\u00f3 a trabajar el equipo de Testeo, Trazabilidad y Aislamiento del municipio, se han realizado 3 mil ex\u00e1menes PCR, tanto en el trabajo de B\u00fasqueda Activa como a los contactos estrechos de casos positivos, lo cual fue valorado por los vecinos de la Villa Alfredo Lorca, sector al que lleg\u00f3 la Cl\u00ednica M\u00f3vil para continuar con sus labores.<\/p>\n\n\n\n<p>\u201cContinuamos en terreno haciendo testeos\u201d, expres\u00f3 el alcalde Claudio Radonich, agregando que uno de los focos importantes es la \u201cb\u00fasqueda activa de contagios, sobre todo asintom\u00e1ticos, raz\u00f3n por la cual ya se han realizado m\u00e1s de 3 mil ex\u00e1menes desde que comenzamos el pasado 4 de agosto\u201d.<\/p>\n\n\n\n<p>En la misma l\u00ednea, Felimar Ochoa, m\u00e9dico a cargo del operativo del equipo TTA, dijo que la jornada se desarroll\u00f3 de muy buena manera, y destac\u00f3 que la gente acudi\u00f3 de manera ordenada y responsable.<\/p>\n\n\n\n<p>\u201cHay pacientes que son portadores del virus, pero que no presentan s\u00edntomas, por lo que nuestro trabajo busca detectar aquello y colaborar para que las personas puedan realizarse el examen PCR de manera gratuita\u201d, a\u00f1adi\u00f3 la doctora Ochoa.<\/p>\n\n\n\n<p>En tanto, Ang\u00e9lica Montecinos, una de las personas que se acerc\u00f3 hasta la cl\u00ednica m\u00f3vil para realizarse el examen, manifest\u00f3 que \u201cme parece s\u00faper bien, porque pueden abarcar una mayor cantidad de gente, y adem\u00e1s hay mucha gente asintom\u00e1tica y que no se ha hecho el test, as\u00ed que es favorable\u201d.<\/p>\n\n\n\n<p>\u201cQue bueno que lleg\u00f3 esto. Es una buena iniciativa\u201d, dijo Victor Fuentealba, vecino de la Villa Alfredo Lorca, que tambi\u00e9n se realiz\u00f3 el examen PCR.<\/p>\n\n\n\n<p>Asimismo, Magaly Celed\u00f3n, agradeci\u00f3 la instancia diciendo \u201cme parece s\u00faper bien, porque hay personas que no tienen los medios para poder hacerse el examen\u201d.<\/p>\n\n\n\n<p>Finalmente, el alcalde Radonich adelant\u00f3 que durante las pr\u00f3ximas semanas, el trabajo TTA se complementar\u00e1 con test r\u00e1pidos, aprobados por el Ministerio de Salud, para los funcionarios de la Atenci\u00f3n Primaria de Punta Arenas.<br><\/p>\n","protected":false},"excerpt":{"rendered":"<p>En poco m\u00e1s de un mes desde que comenz\u00f3 a trabajar el equipo de Testeo, Trazabilidad y Aislamiento del municipio, se han realizado 3 mil ex\u00e1menes PCR, tanto en el&#8230; <a class=\"read-more\" href=\"https:\/\/www.radiopresidenteibanez.cl\/web\/clinica-movil-del-municipio-se-traslado-hasta-la-villa-alfredo-lorca-para-realizar-examenes-pcr-a-los-vecinos-del-sector\/\">Leer m\u00e1s<\/a><\/p>\n","protected":false},"author":2,"featured_media":14811,"comment_status":"closed","ping_status":"closed","sticky":false,"template":"","format":"standard","meta":{"footnotes":""},"categories":[1],"tags":[],"class_list":["post-14810","post","type-post","status-publish","format-standard","has-post-thumbnail","hentry","category-cronica"],"_links":{"self":[{"href":"https:\/\/www.radiopresidenteibanez.cl\/web\/wp-json\/wp\/v2\/posts\/14810","targetHints":{"allow":["GET"]}}],"collection":[{"href":"https:\/\/www.radiopresidenteibanez.cl\/web\/wp-json\/wp\/v2\/posts"}],"about":[{"href":"https:\/\/www.radiopresidenteibanez.cl\/web\/wp-json\/wp\/v2\/types\/post"}],"author":[{"embeddable":true,"href":"https:\/\/www.radiopresidenteibanez.cl\/web\/wp-json\/wp\/v2\/users\/2"}],"replies":[{"embeddable":true,"href":"https:\/\/www.radiopresidenteibanez.cl\/web\/wp-json\/wp\/v2\/comments?post=14810"}],"version-history":[{"count":0,"href":"https:\/\/www.radiopresidenteibanez.cl\/web\/wp-json\/wp\/v2\/posts\/14810\/revisions"}],"wp:featuredmedia":[{"embeddable":true,"href":"https:\/\/www.radiopresidenteibanez.cl\/web\/wp-json\/wp\/v2\/media\/14811"}],"wp:attachment":[{"href":"https:\/\/www.radiopresidenteibanez.cl\/web\/wp-json\/wp\/v2\/media?parent=14810"}],"wp:term":[{"taxonomy":"category","embeddable":true,"href":"https:\/\/www.radiopresidenteibanez.cl\/web\/wp-json\/wp\/v2\/categories?post=14810"},{"taxonomy":"post_tag","embeddable":true,"href":"https:\/\/www.radiopresidenteibanez.cl\/web\/wp-json\/wp\/v2\/tags?post=14810"}],"curies":[{"name":"wp","href":"https:\/\/api.w.org\/{rel}","templated":true}]}}