{"id":14804,"date":"2020-09-17T12:47:59","date_gmt":"2020-09-17T12:47:59","guid":{"rendered":"https:\/\/www.radiopresidenteibanez.cl\/web\/?p=14804"},"modified":"2020-09-17T12:48:04","modified_gmt":"2020-09-17T12:48:04","slug":"el-cft-estatal-de-magallanes-sigue-abriendo-caminos-para-la-educacion-tecnica-profesional-en-la-region-con-2-carreras-nuevas-y-un-programa-especial-en-modalidad-semipresencial","status":"publish","type":"post","link":"https:\/\/www.radiopresidenteibanez.cl\/web\/el-cft-estatal-de-magallanes-sigue-abriendo-caminos-para-la-educacion-tecnica-profesional-en-la-region-con-2-carreras-nuevas-y-un-programa-especial-en-modalidad-semipresencial\/","title":{"rendered":"EL CFT ESTATAL DE MAGALLANES SIGUE \u201cABRIENDO CAMINOS\u201d PARA LA EDUCACI\u00d3N T\u00c9CNICA PROFESIONAL EN LA REGI\u00d3N CON 2 CARRERAS NUEVAS Y UN PROGRAMA ESPECIAL EN MODALIDAD SEMIPRESENCIAL"},"content":{"rendered":"\n<p>Con la mirada puesta en el futuro,\nel equipo acad\u00e9mico y directivo del Centro de Formaci\u00f3n T\u00e9cnica Estatal de\nMagallanes no ha frenado su trabajo. A pesar de haber visto iniciar sus\nactividades acad\u00e9micas en el contexto pandemia, el objetivo de ampliar,\ndiversificar y descentralizar la oferta de formaci\u00f3n T\u00e9cnica Profesional en Magallanes\nse mantiene vigente; por tal raz\u00f3n, desde la Direcci\u00f3n Acad\u00e9mica se han\ndesarrollado nuevas carreras, tomando en cuenta la visi\u00f3n del sector productivo\ncon la finalidad de formar a los t\u00e9cnicos que la regi\u00f3n necesita. <\/p>\n\n\n\n<p>\u201cTomando en cuenta herramientas\ncomo el Marco de Cualificaciones T\u00e9cnico Profesional desarrollado por MINEDUC, &nbsp;mecanismos de aseguramiento de la calidad\nacad\u00e9mica, el an\u00e1lisis del mercado laboral y la matriz productiva regional,\ndesde la Direcci\u00f3n Acad\u00e9mica, la Jefatura Curricular y el apoyo del equipo\ndirectivo, se han desarrollado estas nuevas carreras, disponibles a partir del\nprimer semestre del 2021, para las cuales adem\u00e1s de un detallado estudio de los\nprogramas y la formaci\u00f3n enfocada en competencias, se prioriz\u00f3 la validaci\u00f3n\ncon expertos, representantes de gremios y actores relevantes involucrados\nquienes en lo sucesivo, ser\u00e1n los empleadores de estos futuros t\u00e9cnicos\nprofesionales\u201d, se\u00f1ala Pablo Balbont\u00edn, Director Acad\u00e9mico de la Instituci\u00f3n.<\/p>\n\n\n\n<p>Por su parte el rector del CFT,\nChristian Quezada valora el desarrollo de estas carreras destacando que \u201cel\nproceso de concepci\u00f3n de estas carreras est\u00e1 enmarcado en los ejes de trabajo de\nnuestra instituci\u00f3n, descentralizando la oferta educativa, posicion\u00e1ndonos con\nmiras a un segundo a\u00f1o de gesti\u00f3n como Instituci\u00f3n de Educaci\u00f3n Superior en\nPorvenir, con 2 carreras que no est\u00e1n hasta este momento en la regi\u00f3n,\nampliando las posibilidades de llegar a lugares m\u00e1s remotos a trav\u00e9s de la\noferta semipresencial, incrementando la vinculaci\u00f3n con los sectores\nproductivos canalizando oportunidades para nuestros futuros estudiantes,\ncentrados en mejorar su empleabilidad para que participen en el mundo del\ntrabajo con trayectorias laborales de alta calificaci\u00f3n, relevando la educaci\u00f3n\nT\u00e9cnico Profesional de calidad, como una soluci\u00f3n que tiende a fortalecer a la\nindustria Magall\u00e1nica\u201d. <\/p>\n\n\n\n<p>De esta forma el Centro de\nFormaci\u00f3n T\u00e9cnica Estatal de la Regi\u00f3n de Magallanes desde su sede en Porvenir,\nconsolida una propuesta educativa diversa, a\u00f1adiendo un alto componente\ntecnol\u00f3gico, con carreras pertinentes; que se unen a una sede totalmente\nremodelada y equipada, lista y a la espera de condiciones sanitarias que\npermitan un pronto inicio de las actividades acad\u00e9micas.Para mayor informaci\u00f3n de las nuevas carreras, los interesados\npodr\u00e1n escribir al correo <a href=\"mailto:admision@cftdemagallanes.cl\">admision@cftdemagallanes.cl<\/a> o\npostular en la p\u00e1gina www.cftdemagallanes.cl.<\/p>\n","protected":false},"excerpt":{"rendered":"<p>Con la mirada puesta en el futuro, el equipo acad\u00e9mico y directivo del Centro de Formaci\u00f3n T\u00e9cnica Estatal de Magallanes no ha frenado su trabajo. A pesar de haber visto&#8230; <a class=\"read-more\" href=\"https:\/\/www.radiopresidenteibanez.cl\/web\/el-cft-estatal-de-magallanes-sigue-abriendo-caminos-para-la-educacion-tecnica-profesional-en-la-region-con-2-carreras-nuevas-y-un-programa-especial-en-modalidad-semipresencial\/\">Leer m\u00e1s<\/a><\/p>\n","protected":false},"author":2,"featured_media":14805,"comment_status":"closed","ping_status":"closed","sticky":false,"template":"","format":"standard","meta":{"footnotes":""},"categories":[1],"tags":[],"class_list":["post-14804","post","type-post","status-publish","format-standard","has-post-thumbnail","hentry","category-cronica"],"_links":{"self":[{"href":"https:\/\/www.radiopresidenteibanez.cl\/web\/wp-json\/wp\/v2\/posts\/14804","targetHints":{"allow":["GET"]}}],"collection":[{"href":"https:\/\/www.radiopresidenteibanez.cl\/web\/wp-json\/wp\/v2\/posts"}],"about":[{"href":"https:\/\/www.radiopresidenteibanez.cl\/web\/wp-json\/wp\/v2\/types\/post"}],"author":[{"embeddable":true,"href":"https:\/\/www.radiopresidenteibanez.cl\/web\/wp-json\/wp\/v2\/users\/2"}],"replies":[{"embeddable":true,"href":"https:\/\/www.radiopresidenteibanez.cl\/web\/wp-json\/wp\/v2\/comments?post=14804"}],"version-history":[{"count":0,"href":"https:\/\/www.radiopresidenteibanez.cl\/web\/wp-json\/wp\/v2\/posts\/14804\/revisions"}],"wp:featuredmedia":[{"embeddable":true,"href":"https:\/\/www.radiopresidenteibanez.cl\/web\/wp-json\/wp\/v2\/media\/14805"}],"wp:attachment":[{"href":"https:\/\/www.radiopresidenteibanez.cl\/web\/wp-json\/wp\/v2\/media?parent=14804"}],"wp:term":[{"taxonomy":"category","embeddable":true,"href":"https:\/\/www.radiopresidenteibanez.cl\/web\/wp-json\/wp\/v2\/categories?post=14804"},{"taxonomy":"post_tag","embeddable":true,"href":"https:\/\/www.radiopresidenteibanez.cl\/web\/wp-json\/wp\/v2\/tags?post=14804"}],"curies":[{"name":"wp","href":"https:\/\/api.w.org\/{rel}","templated":true}]}}