{"id":1479,"date":"2019-02-15T18:15:17","date_gmt":"2019-02-15T18:15:17","guid":{"rendered":"http:\/\/www.radiopresidenteibanez.cl\/web\/?p=1479"},"modified":"2019-02-15T18:15:42","modified_gmt":"2019-02-15T18:15:42","slug":"aguas-magallanes-inicia-reuniones-con-constructora-que-ocasiono-danos-a-su-red-y-que-afectaron-el-servicio","status":"publish","type":"post","link":"https:\/\/www.radiopresidenteibanez.cl\/web\/aguas-magallanes-inicia-reuniones-con-constructora-que-ocasiono-danos-a-su-red-y-que-afectaron-el-servicio\/","title":{"rendered":"AGUAS MAGALLANES INICIA REUNIONES CON CONSTRUCTORA QUE OCASION\u00d3 DA\u00d1OS A SU RED Y QUE AFECTARON EL SERVICIO"},"content":{"rendered":"\n<p>Al Centro de Salud Familiar (Cesfam) Thomas Fenton acudieron esta ma\u00f1ana el alcalde de Punta Arenas, Claudio Radonich, y el gerente de Clientes de Aguas Magallanes, Eric Bascur, para verificar en terreno la puesta en operaciones del establecimiento de salud. El centro hab\u00eda suspendido su servicio este lunes, al recibir agua potable con niveles de turbiedad que imped\u00edan atender a la comunidad, tras el da\u00f1o que maquinaria de la constructora Vilicic ocasion\u00f3 a una infraestructura esencial de la empresa sanitaria. <br><\/p>\n\n\n\n<p>Al igual que dicho centro, casi 10.000 clientes de la Compa\u00f1\u00eda en Punta Arenas vieron afectado el servicio esta semana, lo que se ha ido superando paulatinamente.<br><\/p>\n\n\n\n<p>En esa l\u00ednea, el alcalde Radonich sostuvo que lo que terceros da\u00f1aron es una verdadera \u201carteria aorta\u201d que surte de agua potable a la red, \u201cy era un tema muy grande, por lo que ha estado llegando agua con barro a algunos lugares, lo que si bien no es t\u00f3xico, ha sido una molestia para los vecinos. Lo importante es que cuando esto pase, podamos revisar el tema de las compensaciones que corresponden\u201d. La autoridad agreg\u00f3 que \u201cesta emergencia que se gener\u00f3 ya est\u00e1 subsanada, pero a\u00fan quedan algunas viviendas con agua turbia; pero se ha ido avanzando en un tema respecto del cual Aguas Magallanes no es responsable\u201d. &nbsp;<br><\/p>\n\n\n\n<p>Por su parte, el gerente de Clientes de Aguas Magallanes, Eric Bascur, destac\u00f3 que esta situaci\u00f3n fue de extrema gravedad, al tratarse de una alimentadora de tama\u00f1o mayor. \u201cLas consecuencias fueron significativas, y se afect\u00f3 al 35% aproximadamente de los clientes de Punta Arenas, ya sea con cortes o eventos de turbiedad en algunos de esos casos\u201d.<br><\/p>\n\n\n\n<p>Y agreg\u00f3 que \u201cdesde el primer momento hemos estado trabajando en terreno, desplegados, para solucionar esta emergencia. A la fecha, los eventos de turbiedad se han ido limitando, aunque a\u00fan quedan casos. Se han ido produciendo roturas de matrices menores, que estamos controlando, y que tambi\u00e9n tienen su origen en el problema de la rotura principal. Superada la emergencia mayor, ahora estamos iniciando conversaciones con la constructora para analizar los da\u00f1os que se ocasionaron y que afectaron a la comunidad\u201d.<\/p>\n\n\n\n<p>La Compa\u00f1\u00eda, inform\u00f3 Bascur, mantendr\u00e1 los puntos de reparto alternativo de agua potable informados, como una manera de reforzar el suministro. <\/p>\n","protected":false},"excerpt":{"rendered":"<p>Al Centro de Salud Familiar (Cesfam) Thomas Fenton acudieron esta ma\u00f1ana el alcalde de Punta Arenas, Claudio Radonich, y el gerente de Clientes de Aguas Magallanes, Eric Bascur, para verificar&#8230; <a class=\"read-more\" href=\"https:\/\/www.radiopresidenteibanez.cl\/web\/aguas-magallanes-inicia-reuniones-con-constructora-que-ocasiono-danos-a-su-red-y-que-afectaron-el-servicio\/\">Leer m\u00e1s<\/a><\/p>\n","protected":false},"author":2,"featured_media":1480,"comment_status":"closed","ping_status":"closed","sticky":false,"template":"","format":"standard","meta":{"footnotes":""},"categories":[1],"tags":[],"class_list":["post-1479","post","type-post","status-publish","format-standard","has-post-thumbnail","hentry","category-cronica"],"_links":{"self":[{"href":"https:\/\/www.radiopresidenteibanez.cl\/web\/wp-json\/wp\/v2\/posts\/1479","targetHints":{"allow":["GET"]}}],"collection":[{"href":"https:\/\/www.radiopresidenteibanez.cl\/web\/wp-json\/wp\/v2\/posts"}],"about":[{"href":"https:\/\/www.radiopresidenteibanez.cl\/web\/wp-json\/wp\/v2\/types\/post"}],"author":[{"embeddable":true,"href":"https:\/\/www.radiopresidenteibanez.cl\/web\/wp-json\/wp\/v2\/users\/2"}],"replies":[{"embeddable":true,"href":"https:\/\/www.radiopresidenteibanez.cl\/web\/wp-json\/wp\/v2\/comments?post=1479"}],"version-history":[{"count":0,"href":"https:\/\/www.radiopresidenteibanez.cl\/web\/wp-json\/wp\/v2\/posts\/1479\/revisions"}],"wp:featuredmedia":[{"embeddable":true,"href":"https:\/\/www.radiopresidenteibanez.cl\/web\/wp-json\/wp\/v2\/media\/1480"}],"wp:attachment":[{"href":"https:\/\/www.radiopresidenteibanez.cl\/web\/wp-json\/wp\/v2\/media?parent=1479"}],"wp:term":[{"taxonomy":"category","embeddable":true,"href":"https:\/\/www.radiopresidenteibanez.cl\/web\/wp-json\/wp\/v2\/categories?post=1479"},{"taxonomy":"post_tag","embeddable":true,"href":"https:\/\/www.radiopresidenteibanez.cl\/web\/wp-json\/wp\/v2\/tags?post=1479"}],"curies":[{"name":"wp","href":"https:\/\/api.w.org\/{rel}","templated":true}]}}