{"id":14777,"date":"2020-09-16T00:37:07","date_gmt":"2020-09-16T00:37:07","guid":{"rendered":"https:\/\/www.radiopresidenteibanez.cl\/web\/?p=14777"},"modified":"2020-09-16T00:45:44","modified_gmt":"2020-09-16T00:45:44","slug":"core-apasionara-proyectos-para-renovar-equipamiento-oncologico-del-hospital-clinico-magallanes","status":"publish","type":"post","link":"https:\/\/www.radiopresidenteibanez.cl\/web\/core-apasionara-proyectos-para-renovar-equipamiento-oncologico-del-hospital-clinico-magallanes\/","title":{"rendered":"CORE REVISAR\u00c1 PROYECTOS PARA RENOVAR EQUIPAMIENTO ONCOL\u00d3GICO DEL HOSPITAL CL\u00cdNICO MAGALLANES"},"content":{"rendered":"\n<p>Por iniciativa del Presidente del Core, Alejandro Kusanovic, se incorpor\u00f3 en la tabla de proyectos que ser\u00e1 votada ma\u00f1ana por el ente colegio, las iniciativas de renovaci\u00f3n de equipos para el tratamiento del c\u00e1ncer en el Hospital Cl\u00ednico Magallanes, tales como Tom\u00f3grafo Axial Computarizado, Inyectora de un cabezal con calentador de contraste incorporado y Set de dispositivos y elementos QA de equipo y calidad de imagen con curvas para caracterizaci\u00f3n.<\/p>\n\n\n\n<p>Tambi\u00e9n se contempla una serie de proyectos que ser\u00e1n sancionados ma\u00f1ana en la Sesi\u00f3n Plenaria N\u00b019 que comienza a las 17 horas. Se trata de iniciativas anheladas por la comunidad y de alta impacto social, raz\u00f3n por la cual los consejeros han solicitado de manera insistente avancen los antes posible, entre ellas cabe destacar la \u201cNormalizaci\u00f3n del CESFAM 18 de Septiembre en Punta Arenas\u201d y \u201cDise\u00f1o Gimnasio Padre Mario Zavattaro en Porvenir\u201d.<\/p>\n\n\n\n<p>Seg\u00fan adelant\u00f3 el presidente del CORE, Alejandro Kusanovic, el Intendente hizo llegar un listado de proyectos los cuales comenzar\u00e1n a ser analizados por las comisiones del Consejo Regional junto a las divisiones del GORE y las Unidades T\u00e9cnicas que correspondan.<\/p>\n","protected":false},"excerpt":{"rendered":"<p>Por iniciativa del Presidente del Core, Alejandro Kusanovic, se incorpor\u00f3 en la tabla de proyectos que ser\u00e1 votada ma\u00f1ana por el ente colegio, las iniciativas de renovaci\u00f3n de equipos para&#8230; <a class=\"read-more\" href=\"https:\/\/www.radiopresidenteibanez.cl\/web\/core-apasionara-proyectos-para-renovar-equipamiento-oncologico-del-hospital-clinico-magallanes\/\">Leer m\u00e1s<\/a><\/p>\n","protected":false},"author":2,"featured_media":14778,"comment_status":"closed","ping_status":"closed","sticky":false,"template":"","format":"standard","meta":{"footnotes":""},"categories":[1],"tags":[],"class_list":["post-14777","post","type-post","status-publish","format-standard","has-post-thumbnail","hentry","category-cronica"],"_links":{"self":[{"href":"https:\/\/www.radiopresidenteibanez.cl\/web\/wp-json\/wp\/v2\/posts\/14777","targetHints":{"allow":["GET"]}}],"collection":[{"href":"https:\/\/www.radiopresidenteibanez.cl\/web\/wp-json\/wp\/v2\/posts"}],"about":[{"href":"https:\/\/www.radiopresidenteibanez.cl\/web\/wp-json\/wp\/v2\/types\/post"}],"author":[{"embeddable":true,"href":"https:\/\/www.radiopresidenteibanez.cl\/web\/wp-json\/wp\/v2\/users\/2"}],"replies":[{"embeddable":true,"href":"https:\/\/www.radiopresidenteibanez.cl\/web\/wp-json\/wp\/v2\/comments?post=14777"}],"version-history":[{"count":0,"href":"https:\/\/www.radiopresidenteibanez.cl\/web\/wp-json\/wp\/v2\/posts\/14777\/revisions"}],"wp:featuredmedia":[{"embeddable":true,"href":"https:\/\/www.radiopresidenteibanez.cl\/web\/wp-json\/wp\/v2\/media\/14778"}],"wp:attachment":[{"href":"https:\/\/www.radiopresidenteibanez.cl\/web\/wp-json\/wp\/v2\/media?parent=14777"}],"wp:term":[{"taxonomy":"category","embeddable":true,"href":"https:\/\/www.radiopresidenteibanez.cl\/web\/wp-json\/wp\/v2\/categories?post=14777"},{"taxonomy":"post_tag","embeddable":true,"href":"https:\/\/www.radiopresidenteibanez.cl\/web\/wp-json\/wp\/v2\/tags?post=14777"}],"curies":[{"name":"wp","href":"https:\/\/api.w.org\/{rel}","templated":true}]}}