{"id":14774,"date":"2020-09-16T00:35:07","date_gmt":"2020-09-16T00:35:07","guid":{"rendered":"https:\/\/www.radiopresidenteibanez.cl\/web\/?p=14774"},"modified":"2020-09-16T00:35:13","modified_gmt":"2020-09-16T00:35:13","slug":"invitacion-a-ciclo-de-foros-feministas-en-la-constituyente-organiza-parlamento-de-las-mujeres-de-la-patagonia-rebelde","status":"publish","type":"post","link":"https:\/\/www.radiopresidenteibanez.cl\/web\/invitacion-a-ciclo-de-foros-feministas-en-la-constituyente-organiza-parlamento-de-las-mujeres-de-la-patagonia-rebelde\/","title":{"rendered":"INVITACI\u00d3N A CICLO DE FOROS \u00abFEMINISTAS EN LA CONSTITUYENTE\u00bb ORGANIZA PARLAMENTO DE LAS MUJERES DE LA PATAGONIA REBELDE"},"content":{"rendered":"\n<p>\n\nEl pasado 18 de octubre millones de personas, de todas las edades y a lo largo de todo el pa\u00eds salieron masivamente a las calles, a expresar su indignaci\u00f3n frente a un sistema lleno de abusos e injusticias que afectan diversos aspectos de nuestras vidas. Meses en un intenso estado de movilizaci\u00f3n, exigimos el derecho a una vida digna. Miles de Cabildos y Asambleas comenzaron a realizarse aut\u00f3nomamente en cada territorio y barrio que iniciaron as\u00ed un momento Constituyente en los hechos, abriendo la posibilidad por primera vez en 30 a\u00f1os de derrocar la constituci\u00f3n de la dictadura y escribir una nueva carta democr\u00e1tica, con el protagonismo de la ciudadan\u00eda.Sin embargo, este proceso pol\u00edtico de soberan\u00eda popular ha intentado ser apropiado por los partidos pol\u00edticos impugnados a trav\u00e9s del tramposo \u00abAcuerdo por la Paz\u00bb, en un contexto cerrado a los movimientos sociales, con total impunidad frente a las violaciones de DDHH y con amarres que dejan en evidente desventaja la participaci\u00f3n ciudadana en el nuevo proceso impuesto.<br>Desde el movimiento feminista hacemos el llamado a no soltar nuestro proceso Constituyente Soberano, necesitamos asistir masivamente a votar por el Apruebo &#8211; Convenci\u00f3n constitucional este 25 de octubre para mantener abierto el ciclo de impugnaci\u00f3n y desbordar desde la movilizaci\u00f3n popular los limites impuestos.Este escenario lo abrieron los pueblos movilizados, y est\u00e1 en nuestras manos impedir que sea cerrado por la clase pol\u00edtica, que defender\u00e1 con u\u00f1as y dientes este modelo que los enriquece a costa de la precarizaci\u00f3n de nuestras vidas. Este 25 votamos \u00abApruebo Convenci\u00f3n Constitucional\u00bb, no porque confiemos en el acuerdo impuesto, sino porque confiamos en la fuerza movilizadora de los pueblos de romper los amarres del proceso.<\/p>\n\n\n\n<p>En este contexto, desde el Parlamento de las Mujeres de la Patagonia Rebelde levantamos el Ciclo de Foros \u00abFeministas en la Constituyente\u00bb el cual&nbsp;se suma a las actividades de reflexi\u00f3n en torno al proceso de la Asamblea Constituyente popular, plurinacional y feminista,&nbsp;los cuales ser\u00e1n transmitidos por Facebook Live&nbsp;<a href=\"https:\/\/www.facebook.com\/ParlamentoMujeresPatagonia\" target=\"_blank\" rel=\"noreferrer noopener\">https:\/\/www.facebook.com\/ParlamentoMujeresPatagonia<\/a><\/p>\n\n\n\n<ul class=\"wp-block-list\"><li><strong>Cap. 1. Plurinacionalidad y Derechos de la Naturaleza. Mi\u00e9rcoles, 16 septiembre, 17:00 a 19:00<\/strong><\/li><\/ul>\n\n\n\n<p>En este Primer Cap\u00edtulo -que se efectuar\u00e1 este mi\u00e9rcoles a las 17 horas- contaremos con la presencia de cuatro tremendas compa\u00f1eras activistas, sobre \u00abPlurinacionalidad y Derechos de la Naturaleza\u00bb:Amaya Alvez Mar\u00edn, abogada especialista Derecho de Aguas y Pueblos \u00cdndigenas (Concepci\u00f3n, Chile).Francisca Fern\u00e1ndez Droguett, movimiento por el agua y los territorios, MAT, Coordinadora Feminista 8M (Santiago, Chile).Esperanza Mart\u00ednez Y\u00e1\u00f1ez, activista, OilWatch, Acci\u00f3n Ecol\u00f3gica (Quito, Ecuador).Elisa Giustinianovich Campos, red austral de acci\u00f3n territorial, Coordinadora Feminista Puq (Punta Arenas, Chile).<\/p>\n\n\n\n<ul class=\"wp-block-list\"><li><strong>Cap. 2. Hacia una justicia feminista en el nuevo pacto social. Mi\u00e9rcoles, 30 de septiembre, 17:00 a 19:00<\/strong><\/li><\/ul>\n\n\n\n<ul class=\"wp-block-list\"><li><strong>Cap. 3. Di\u00e1logos feministas constituyentes sobre el sistema educativo patriarcal. Mi\u00e9rcoles, 14 de septiembre, 17:00 a 19:00<\/strong><\/li><\/ul>\n\n\n\n<p><strong>Organiza:&nbsp;<\/strong>Parlamento de las Mujeres de la Patagonia Rebelde.<strong>Apoya:<\/strong>&nbsp;Coordinadora Feminista de Punta Arenas\n\n<\/p>\n","protected":false},"excerpt":{"rendered":"<p>El pasado 18 de octubre millones de personas, de todas las edades y a lo largo de todo el pa\u00eds salieron masivamente a las calles, a expresar su indignaci\u00f3n frente&#8230; <a class=\"read-more\" href=\"https:\/\/www.radiopresidenteibanez.cl\/web\/invitacion-a-ciclo-de-foros-feministas-en-la-constituyente-organiza-parlamento-de-las-mujeres-de-la-patagonia-rebelde\/\">Leer m\u00e1s<\/a><\/p>\n","protected":false},"author":2,"featured_media":14775,"comment_status":"closed","ping_status":"closed","sticky":false,"template":"","format":"standard","meta":{"footnotes":""},"categories":[1],"tags":[],"class_list":["post-14774","post","type-post","status-publish","format-standard","has-post-thumbnail","hentry","category-cronica"],"_links":{"self":[{"href":"https:\/\/www.radiopresidenteibanez.cl\/web\/wp-json\/wp\/v2\/posts\/14774","targetHints":{"allow":["GET"]}}],"collection":[{"href":"https:\/\/www.radiopresidenteibanez.cl\/web\/wp-json\/wp\/v2\/posts"}],"about":[{"href":"https:\/\/www.radiopresidenteibanez.cl\/web\/wp-json\/wp\/v2\/types\/post"}],"author":[{"embeddable":true,"href":"https:\/\/www.radiopresidenteibanez.cl\/web\/wp-json\/wp\/v2\/users\/2"}],"replies":[{"embeddable":true,"href":"https:\/\/www.radiopresidenteibanez.cl\/web\/wp-json\/wp\/v2\/comments?post=14774"}],"version-history":[{"count":0,"href":"https:\/\/www.radiopresidenteibanez.cl\/web\/wp-json\/wp\/v2\/posts\/14774\/revisions"}],"wp:featuredmedia":[{"embeddable":true,"href":"https:\/\/www.radiopresidenteibanez.cl\/web\/wp-json\/wp\/v2\/media\/14775"}],"wp:attachment":[{"href":"https:\/\/www.radiopresidenteibanez.cl\/web\/wp-json\/wp\/v2\/media?parent=14774"}],"wp:term":[{"taxonomy":"category","embeddable":true,"href":"https:\/\/www.radiopresidenteibanez.cl\/web\/wp-json\/wp\/v2\/categories?post=14774"},{"taxonomy":"post_tag","embeddable":true,"href":"https:\/\/www.radiopresidenteibanez.cl\/web\/wp-json\/wp\/v2\/tags?post=14774"}],"curies":[{"name":"wp","href":"https:\/\/api.w.org\/{rel}","templated":true}]}}