{"id":14771,"date":"2020-09-16T00:29:57","date_gmt":"2020-09-16T00:29:57","guid":{"rendered":"https:\/\/www.radiopresidenteibanez.cl\/web\/?p=14771"},"modified":"2020-09-16T00:30:02","modified_gmt":"2020-09-16T00:30:02","slug":"municipalidad-de-natales-realiza-feria-virtual-de-cocina-chilena","status":"publish","type":"post","link":"https:\/\/www.radiopresidenteibanez.cl\/web\/municipalidad-de-natales-realiza-feria-virtual-de-cocina-chilena\/","title":{"rendered":"MUNICIPALIDAD DE NATALES REALIZA FERIA VIRTUAL DE COCINA CHILENA"},"content":{"rendered":"\n<p>En el marco del mes\nde la patria, la Ilustre Municipalidad de Natales organiz\u00f3 la cuarta Feria\nVirtual de Emprendedores Locales a trav\u00e9s de Facebook Live. La feria se realiz\u00f3\nel s\u00e1bado 12 de septiembre y cont\u00f3 con la presencia de diferentes pymes\nnatalinas dedicadas a la preparaci\u00f3n de platos t\u00edpicos chilenos.<\/p>\n\n\n\n<p>La actividad estuvo\na cargo de la Unidad de Fomento Productivo y tuvo una duraci\u00f3n de dos horas, en\ndonde diferentes emprendedores dieron a conocer los productos y servicios que\nentregan a la comunidad.<\/p>\n\n\n\n<p>El alcalde de la comuna, Fernando Paredes Mansilla, destac\u00f3 la importancia\nde seguir apoyando a las pymes en estos momentos tan dif\u00edciles para todos. \u201cEs\ntotalmente relevante entregar espacios publicitarios para apoyar a nuestros\nemprendedores. Ahora m\u00e1s que nunca ellos necesitan de nuestro respaldo, y una\nforma de entregarlo es mediante las ferias virtuales que estamos realizando\nregularmente\u201d.<\/p>\n\n\n\n<p>Adem\u00e1s, el edil se\u00f1al\u00f3 que a trav\u00e9s de estas ferias los vecinos se pueden\nenterar de que los restaurantes siguen funcionando mediante delivery, \u201cmuchas\npersonas creen que los restaurantes no pueden funcionar durante la cuarentena,\npero eso no es as\u00ed. Todo este gremio puede seguir funcionando mediante entrega\na domicilio con las respectivas medidas de seguridad sanitaria\u201d.<\/p>\n\n\n\n<p>La feria estuvo moderada por Pamela Ojeda, presidenta de la Agrupaci\u00f3n de\nEmprendedoras Natalinas \u201cMujeres Patagonas\u201d,\nquien junto a personal de la Direcci\u00f3n de Desarrollo Local invitaron a\nparticipar en futuras ferias a otros emprendedores locales. Los\ninteresados se pueden contactar con la Unidad de Fomento Productivo al\n612209540 o al correo <a href=\"mailto:fomentoproductivo@muninatales.cl\">fomentoproductivo@muninatales.cl<\/a>.\n<\/p>\n","protected":false},"excerpt":{"rendered":"<p>En el marco del mes de la patria, la Ilustre Municipalidad de Natales organiz\u00f3 la cuarta Feria Virtual de Emprendedores Locales a trav\u00e9s de Facebook Live. La feria se realiz\u00f3&#8230; <a class=\"read-more\" href=\"https:\/\/www.radiopresidenteibanez.cl\/web\/municipalidad-de-natales-realiza-feria-virtual-de-cocina-chilena\/\">Leer m\u00e1s<\/a><\/p>\n","protected":false},"author":2,"featured_media":14772,"comment_status":"closed","ping_status":"closed","sticky":false,"template":"","format":"standard","meta":{"footnotes":""},"categories":[1],"tags":[],"class_list":["post-14771","post","type-post","status-publish","format-standard","has-post-thumbnail","hentry","category-cronica"],"_links":{"self":[{"href":"https:\/\/www.radiopresidenteibanez.cl\/web\/wp-json\/wp\/v2\/posts\/14771","targetHints":{"allow":["GET"]}}],"collection":[{"href":"https:\/\/www.radiopresidenteibanez.cl\/web\/wp-json\/wp\/v2\/posts"}],"about":[{"href":"https:\/\/www.radiopresidenteibanez.cl\/web\/wp-json\/wp\/v2\/types\/post"}],"author":[{"embeddable":true,"href":"https:\/\/www.radiopresidenteibanez.cl\/web\/wp-json\/wp\/v2\/users\/2"}],"replies":[{"embeddable":true,"href":"https:\/\/www.radiopresidenteibanez.cl\/web\/wp-json\/wp\/v2\/comments?post=14771"}],"version-history":[{"count":0,"href":"https:\/\/www.radiopresidenteibanez.cl\/web\/wp-json\/wp\/v2\/posts\/14771\/revisions"}],"wp:featuredmedia":[{"embeddable":true,"href":"https:\/\/www.radiopresidenteibanez.cl\/web\/wp-json\/wp\/v2\/media\/14772"}],"wp:attachment":[{"href":"https:\/\/www.radiopresidenteibanez.cl\/web\/wp-json\/wp\/v2\/media?parent=14771"}],"wp:term":[{"taxonomy":"category","embeddable":true,"href":"https:\/\/www.radiopresidenteibanez.cl\/web\/wp-json\/wp\/v2\/categories?post=14771"},{"taxonomy":"post_tag","embeddable":true,"href":"https:\/\/www.radiopresidenteibanez.cl\/web\/wp-json\/wp\/v2\/tags?post=14771"}],"curies":[{"name":"wp","href":"https:\/\/api.w.org\/{rel}","templated":true}]}}