{"id":14769,"date":"2020-09-16T00:27:51","date_gmt":"2020-09-16T00:27:51","guid":{"rendered":"https:\/\/www.radiopresidenteibanez.cl\/web\/?p=14769"},"modified":"2020-09-16T00:27:56","modified_gmt":"2020-09-16T00:27:56","slug":"no-mas-afp-la-tarea-de-los-partidos-no-es-ceder-cupos-al-movimiento-social-sino-que-garantizar-el-ejercicio-de-la-democracia","status":"publish","type":"post","link":"https:\/\/www.radiopresidenteibanez.cl\/web\/no-mas-afp-la-tarea-de-los-partidos-no-es-ceder-cupos-al-movimiento-social-sino-que-garantizar-el-ejercicio-de-la-democracia\/","title":{"rendered":"NO M\u00c1S AFP: \u201cLA TAREA DE LOS PARTIDOS NO ES CEDER CUPOS AL MOVIMIENTO SOCIAL SINO QUE GARANTIZAR EL EJERCICIO DE LA DEMOCRACIA\u201d"},"content":{"rendered":"\n<p>Con el plebiscito del 25 de octubre en cuenta regresiva, la Coordinadora Nacional de Trabajadores y Trabajadoras No + AFP hizo un llamado a parlamentarios del oficialismo y la oposici\u00f3n a aprobar con urgencia reformas que permitan aumentar la participaci\u00f3n de independientes para la conformaci\u00f3n de la Convenci\u00f3n Constituyente.<\/p>\n\n\n\n<p>Luis Mesina, vocero de la Coordinadora No + AFP, destac\u00f3 la brecha institucional que existe para la participaci\u00f3n activa entre las personas o representantes de organizaciones de la sociedad civil y los militantes adscritos a un partido pol\u00edtico en Chile.<\/p>\n\n\n\n<p>&nbsp;\u201cEl deber de los partidos no es dar cupos al movimiento social o independientes. No es su responsabilidad porque permite la cooptaci\u00f3n de los partidos pol\u00edticos al mundo social y eso es inaceptable. Los partidos tienen la responsabilidad de garantizar el ejercicio de la democracia y favorecer la participaci\u00f3n de la ciudadan\u00eda\u201d, se\u00f1al\u00f3 el dirigente durante la conferencia realizada v\u00eda Zoom.<\/p>\n\n\n\n<p>Para Sandra Marin, presidenta de la Anef en la Araucan\u00eda y vocera de la Coordinadora No m\u00e1s AFP, existen barreras en t\u00e9rminos de recolecci\u00f3n de firmas que son imposibles de alcanzar para alguien que desee ser candidato de manera independiente a la constituyente.<\/p>\n\n\n\n<p>&nbsp;\u201cEn este contexto de pandemia es muy dif\u00edcil reunir la cantidad de firmas que establece la ley. No puede ser que para un independiente se exijan 6800 firmas en una comuna y para los partidos esa cantidad sean m\u00e1s de 7000 firmas para todo un distrito\u201d, critic\u00f3 Mar\u00edn.<\/p>\n\n\n\n<p>Cabe recordar, que la Coordinadora No + AFP junto a otras organizaciones como el Colegio de Profesores, UKAMAU, Fundaci\u00f3n Daya, alcaldes como Jorge Sharp de Valpara\u00edso, Gonzalo Dur\u00e1n de Independencia y actores del mundo art\u00edstico y cultural como la actriz Aline Kuppenheim o la cantante Anita Tijoux es parte del nuevo movimiento \u201cCiudadan\u00eda Constituyente por el Apruebo\u201d, dedicado a aumentar la participaci\u00f3n de la sociedad civil en este hist\u00f3rico proceso.<\/p>\n","protected":false},"excerpt":{"rendered":"<p>Con el plebiscito del 25 de octubre en cuenta regresiva, la Coordinadora Nacional de Trabajadores y Trabajadoras No + AFP hizo un llamado a parlamentarios del oficialismo y la oposici\u00f3n&#8230; <a class=\"read-more\" href=\"https:\/\/www.radiopresidenteibanez.cl\/web\/no-mas-afp-la-tarea-de-los-partidos-no-es-ceder-cupos-al-movimiento-social-sino-que-garantizar-el-ejercicio-de-la-democracia\/\">Leer m\u00e1s<\/a><\/p>\n","protected":false},"author":2,"featured_media":11485,"comment_status":"closed","ping_status":"closed","sticky":false,"template":"","format":"standard","meta":{"footnotes":""},"categories":[1],"tags":[],"class_list":["post-14769","post","type-post","status-publish","format-standard","has-post-thumbnail","hentry","category-cronica"],"_links":{"self":[{"href":"https:\/\/www.radiopresidenteibanez.cl\/web\/wp-json\/wp\/v2\/posts\/14769","targetHints":{"allow":["GET"]}}],"collection":[{"href":"https:\/\/www.radiopresidenteibanez.cl\/web\/wp-json\/wp\/v2\/posts"}],"about":[{"href":"https:\/\/www.radiopresidenteibanez.cl\/web\/wp-json\/wp\/v2\/types\/post"}],"author":[{"embeddable":true,"href":"https:\/\/www.radiopresidenteibanez.cl\/web\/wp-json\/wp\/v2\/users\/2"}],"replies":[{"embeddable":true,"href":"https:\/\/www.radiopresidenteibanez.cl\/web\/wp-json\/wp\/v2\/comments?post=14769"}],"version-history":[{"count":0,"href":"https:\/\/www.radiopresidenteibanez.cl\/web\/wp-json\/wp\/v2\/posts\/14769\/revisions"}],"wp:featuredmedia":[{"embeddable":true,"href":"https:\/\/www.radiopresidenteibanez.cl\/web\/wp-json\/wp\/v2\/media\/11485"}],"wp:attachment":[{"href":"https:\/\/www.radiopresidenteibanez.cl\/web\/wp-json\/wp\/v2\/media?parent=14769"}],"wp:term":[{"taxonomy":"category","embeddable":true,"href":"https:\/\/www.radiopresidenteibanez.cl\/web\/wp-json\/wp\/v2\/categories?post=14769"},{"taxonomy":"post_tag","embeddable":true,"href":"https:\/\/www.radiopresidenteibanez.cl\/web\/wp-json\/wp\/v2\/tags?post=14769"}],"curies":[{"name":"wp","href":"https:\/\/api.w.org\/{rel}","templated":true}]}}