{"id":14757,"date":"2020-09-15T16:46:42","date_gmt":"2020-09-15T16:46:42","guid":{"rendered":"https:\/\/www.radiopresidenteibanez.cl\/web\/?p=14757"},"modified":"2020-09-15T16:46:46","modified_gmt":"2020-09-15T16:46:46","slug":"municipalidad-de-natales-prioriza-atencion-en-linea-para-vecinos-de-la-comuna-y-asistencia-especial-para-adultos-mayores","status":"publish","type":"post","link":"https:\/\/www.radiopresidenteibanez.cl\/web\/municipalidad-de-natales-prioriza-atencion-en-linea-para-vecinos-de-la-comuna-y-asistencia-especial-para-adultos-mayores\/","title":{"rendered":"MUNICIPALIDAD DE NATALES PRIORIZA ATENCI\u00d3N EN L\u00cdNEA PARA VECINOS DE LA COMUNA Y ASISTENCIA ESPECIAL PARA ADULTOS MAYORES"},"content":{"rendered":"\n<p>Ante el\naumento de casos positivos de COVID-19 en la ciudad, la Ilustre Municipalidad\nde Natales dio a conocer el nuevo funcionamiento y horario de atenci\u00f3n al\np\u00fablico de los departamentos municipales y tambi\u00e9n de los servicios que est\u00e1n\nbajo la administraci\u00f3n municipal como lo es el Centro de Salud Familiar y la Farmacia\nComunal de la ciudad. <\/p>\n\n\n\n<p>El alcalde de\nNatales, Fernando Paredes Mansilla, inform\u00f3 las nuevas medidas que adopt\u00f3 el\nmunicipio frente a la situaci\u00f3n epidemiol\u00f3gica que afecta a la comuna, se\u00f1al\u00f3\nque \u201cComo municipalidad nos interesa tener un contacto permanente con nuestros\nvecinos, de ah\u00ed la importancia que todos sepan que la municipalidad y sus\ndistintos departamentos a trav\u00e9s de las redes sociales del municipio se ha\ninformado correos electr\u00f3nicos y n\u00fameros telef\u00f3nicos especialmente con\nfuncionarios dedicados para atender a la comunidad\u201d. <\/p>\n\n\n\n<p>La atenci\u00f3n\nmunicipal sigue con el mismo horario de funcionamiento de lunes a viernes de 8\na 17 horas pero a trav\u00e9s de v\u00eda telef\u00f3nica y correo electr\u00f3nico. Casos de\nemergencia se atender\u00e1 de manera presencial previo a solicitud de cita y\nentregada por el departamento correspondiente. <\/p>\n\n\n\n<p>La m\u00e1xima\nautoridad comunal, destac\u00f3 que hay una dedicaci\u00f3n y preocupaci\u00f3n especial por\nlos adultos mayores, lo cual se cre\u00f3 un n\u00famero de tel\u00e9fono espec\u00edfico para\nayudarlos en casos de asistencia, apoyo, sacar alg\u00fan permiso o informaci\u00f3n en\ngeneral. El tel\u00e9fono es el 612 209510 que puede llamar el mismo adulto mayor o\nalg\u00fan familiar solicitando apoyo o cualquier otro vecino que tenga conocimiento\nde alg\u00fan caso al respecto. <\/p>\n\n\n\n<p>La recolecci\u00f3n\nde residuos domiciliarios en la ciudad contin\u00faa con normal funcionamiento y\ndurante los d\u00edas feriados 18 y 19 de septiembre el servicio de recolecci\u00f3n se\nmantendr\u00e1 normal. Durante la cuarentena total, el vertedero municipal tendr\u00e1\nhorario de funcionamiento de lunes a s\u00e1bado de 8 a 14 horas. <\/p>\n\n\n\n<p>El Centro de\nSalud Familiar Dr. Juan Lozic P\u00e9rez, se encuentra ofreciendo atenciones\nparcializadas disminuyendo la cantidad de funcionarios presenciales a un 25%,\nla cual va en directa relaci\u00f3n al cuidado de los usuarios y funcionarios del\ncentro de salud comunal. El horario de atenci\u00f3n es de lunes a viernes de 8 a 13\nhoras y de 14 a 17 horas, excepto los d\u00edas viernes hasta las 16:00 horas. <\/p>\n\n\n\n<p>Adem\u00e1s, el\nCesfam realiza entrega de medicamentos a domicilio para adultos mayores de 75 o\nm\u00e1s a\u00f1os y personas con movilidad reducida de 65 o m\u00e1s a\u00f1os. Aquellos que est\u00e9n\ndentro del grupo beneficiado pueden llamar al +569 51281871 de lunes a viernes\ndesde las 8 a 13 horas y 14 a 16 horas.&nbsp; El\nSAPU que efect\u00faa sus funciones en el Cesfam de Puerto Natales, contin\u00faa con normalidad\nsu horario de funcionamiento, de lunes a viernes de 18:30 a 00:30 horas. <\/p>\n\n\n\n<p>La farmacia\ncomunal que se inaugur\u00f3 en el mes de Mayo del presente a\u00f1o, mantendr\u00e1 sus\npuertas abiertas a la comunidad durante la cuarentena total de lunes a jueves\nde 10 a 13 horas y de 14 a 18:30 horas y viernes de 10 a 13 horas y de 14 a\n17:30 horas. El d\u00eda jueves 17 de septiembre atender\u00e1 hasta las 13 horas y el\nd\u00eda viernes 18 de septiembre estar\u00e1 cerrado por d\u00eda festivo.<\/p>\n\n\n\n<p>Finalmente,\ntoda la informaci\u00f3n respecto a la atenci\u00f3n municipal de los distintos\ndepartamentos y establecimientos que administra la municipalidad se encuentra\ndisponible en las redes sociales del municipio y en la p\u00e1gina web\nwww.muninatales.cl.&nbsp; <\/p>\n","protected":false},"excerpt":{"rendered":"<p>Ante el aumento de casos positivos de COVID-19 en la ciudad, la Ilustre Municipalidad de Natales dio a conocer el nuevo funcionamiento y horario de atenci\u00f3n al p\u00fablico de los&#8230; <a class=\"read-more\" href=\"https:\/\/www.radiopresidenteibanez.cl\/web\/municipalidad-de-natales-prioriza-atencion-en-linea-para-vecinos-de-la-comuna-y-asistencia-especial-para-adultos-mayores\/\">Leer m\u00e1s<\/a><\/p>\n","protected":false},"author":2,"featured_media":101,"comment_status":"closed","ping_status":"closed","sticky":false,"template":"","format":"standard","meta":{"footnotes":""},"categories":[1],"tags":[],"class_list":["post-14757","post","type-post","status-publish","format-standard","has-post-thumbnail","hentry","category-cronica"],"_links":{"self":[{"href":"https:\/\/www.radiopresidenteibanez.cl\/web\/wp-json\/wp\/v2\/posts\/14757","targetHints":{"allow":["GET"]}}],"collection":[{"href":"https:\/\/www.radiopresidenteibanez.cl\/web\/wp-json\/wp\/v2\/posts"}],"about":[{"href":"https:\/\/www.radiopresidenteibanez.cl\/web\/wp-json\/wp\/v2\/types\/post"}],"author":[{"embeddable":true,"href":"https:\/\/www.radiopresidenteibanez.cl\/web\/wp-json\/wp\/v2\/users\/2"}],"replies":[{"embeddable":true,"href":"https:\/\/www.radiopresidenteibanez.cl\/web\/wp-json\/wp\/v2\/comments?post=14757"}],"version-history":[{"count":0,"href":"https:\/\/www.radiopresidenteibanez.cl\/web\/wp-json\/wp\/v2\/posts\/14757\/revisions"}],"wp:featuredmedia":[{"embeddable":true,"href":"https:\/\/www.radiopresidenteibanez.cl\/web\/wp-json\/wp\/v2\/media\/101"}],"wp:attachment":[{"href":"https:\/\/www.radiopresidenteibanez.cl\/web\/wp-json\/wp\/v2\/media?parent=14757"}],"wp:term":[{"taxonomy":"category","embeddable":true,"href":"https:\/\/www.radiopresidenteibanez.cl\/web\/wp-json\/wp\/v2\/categories?post=14757"},{"taxonomy":"post_tag","embeddable":true,"href":"https:\/\/www.radiopresidenteibanez.cl\/web\/wp-json\/wp\/v2\/tags?post=14757"}],"curies":[{"name":"wp","href":"https:\/\/api.w.org\/{rel}","templated":true}]}}