{"id":14751,"date":"2020-09-14T22:23:29","date_gmt":"2020-09-14T22:23:29","guid":{"rendered":"https:\/\/www.radiopresidenteibanez.cl\/web\/?p=14751"},"modified":"2020-09-14T22:23:35","modified_gmt":"2020-09-14T22:23:35","slug":"puerto-natales-por-trafico-de-estupefacientes-fue-condenado-en-juicio-oral","status":"publish","type":"post","link":"https:\/\/www.radiopresidenteibanez.cl\/web\/puerto-natales-por-trafico-de-estupefacientes-fue-condenado-en-juicio-oral\/","title":{"rendered":"PUERTO NATALES: POR TR\u00c1FICO DE ESTUPEFACIENTES FUE CONDENADO EN JUICIO ORAL"},"content":{"rendered":"\n<p>Como\nautor de tr\u00e1fico il\u00edcito de estupefacientes, hoy, fue condenado, Helder Gonz\u00e1lez Saravia.<\/p>\n\n\n\n<p>Durante el\njuicio oral, el Fiscal Especialista en delitos de la ley de drogas, Manuel Soto\nBasauren y la Fiscal de Puerto Natales, Lorena Carrasco probaron que el 10 de\nenero, alrededor de las 15 horas, el acusado, quien se encontraba en el\nAer\u00f3dromo Teniente Julio Gallardo de la ciudad de Puerto Natales, fue\nsorprendido por personal policial portando 1, 414 kilos de cannabis sativa, la\ncual llevaba adosada al cuerpo y estaba destinada a la distribuci\u00f3n entre los\nconsumidores locales.<\/p>\n\n\n\n<p>La audiencia de comunicaci\u00f3n del fallo se efectuar\u00e1 el 17 de\nseptiembre, a las 11:00 horas.<\/p>\n","protected":false},"excerpt":{"rendered":"<p>Como autor de tr\u00e1fico il\u00edcito de estupefacientes, hoy, fue condenado, Helder Gonz\u00e1lez Saravia. Durante el juicio oral, el Fiscal Especialista en delitos de la ley de drogas, Manuel Soto Basauren&#8230; <a class=\"read-more\" href=\"https:\/\/www.radiopresidenteibanez.cl\/web\/puerto-natales-por-trafico-de-estupefacientes-fue-condenado-en-juicio-oral\/\">Leer m\u00e1s<\/a><\/p>\n","protected":false},"author":2,"featured_media":14752,"comment_status":"closed","ping_status":"closed","sticky":false,"template":"","format":"standard","meta":{"footnotes":""},"categories":[1],"tags":[],"class_list":["post-14751","post","type-post","status-publish","format-standard","has-post-thumbnail","hentry","category-cronica"],"_links":{"self":[{"href":"https:\/\/www.radiopresidenteibanez.cl\/web\/wp-json\/wp\/v2\/posts\/14751","targetHints":{"allow":["GET"]}}],"collection":[{"href":"https:\/\/www.radiopresidenteibanez.cl\/web\/wp-json\/wp\/v2\/posts"}],"about":[{"href":"https:\/\/www.radiopresidenteibanez.cl\/web\/wp-json\/wp\/v2\/types\/post"}],"author":[{"embeddable":true,"href":"https:\/\/www.radiopresidenteibanez.cl\/web\/wp-json\/wp\/v2\/users\/2"}],"replies":[{"embeddable":true,"href":"https:\/\/www.radiopresidenteibanez.cl\/web\/wp-json\/wp\/v2\/comments?post=14751"}],"version-history":[{"count":0,"href":"https:\/\/www.radiopresidenteibanez.cl\/web\/wp-json\/wp\/v2\/posts\/14751\/revisions"}],"wp:featuredmedia":[{"embeddable":true,"href":"https:\/\/www.radiopresidenteibanez.cl\/web\/wp-json\/wp\/v2\/media\/14752"}],"wp:attachment":[{"href":"https:\/\/www.radiopresidenteibanez.cl\/web\/wp-json\/wp\/v2\/media?parent=14751"}],"wp:term":[{"taxonomy":"category","embeddable":true,"href":"https:\/\/www.radiopresidenteibanez.cl\/web\/wp-json\/wp\/v2\/categories?post=14751"},{"taxonomy":"post_tag","embeddable":true,"href":"https:\/\/www.radiopresidenteibanez.cl\/web\/wp-json\/wp\/v2\/tags?post=14751"}],"curies":[{"name":"wp","href":"https:\/\/api.w.org\/{rel}","templated":true}]}}