{"id":14749,"date":"2020-09-15T04:16:26","date_gmt":"2020-09-15T04:16:26","guid":{"rendered":"https:\/\/www.radiopresidenteibanez.cl\/web\/?p=14749"},"modified":"2020-09-14T22:21:29","modified_gmt":"2020-09-14T22:21:29","slug":"municipio-de-porvenir-y-autoridades-regionales-trabajan-para-llegar-con-electricidad-y-agua-potable-a-todos-los-sectores-periurbanos-de-la-comuna","status":"publish","type":"post","link":"https:\/\/www.radiopresidenteibanez.cl\/web\/municipio-de-porvenir-y-autoridades-regionales-trabajan-para-llegar-con-electricidad-y-agua-potable-a-todos-los-sectores-periurbanos-de-la-comuna\/","title":{"rendered":"MUNICIPIO DE PORVENIR Y AUTORIDADES REGIONALES TRABAJAN PARA LLEGAR CON ELECTRICIDAD Y AGUA POTABLE A TODOS LOS SECTORES PERIURBANOS DE LA COMUNA"},"content":{"rendered":"\n<p>En\nmateria de avance y bienestar de la comunidad porvenire\u00f1a, es que se reunieron\nv\u00eda telem\u00e1tica, la alcaldesa Marisol Andrade C\u00e1rdenas con una divisi\u00f3n del\ngobierno regional, para analizar y avanzar en mejorar la calidad de vida de\ntodos los residentes porvenire\u00f1os que habitan en sectores rurales de la comuna\ny que a\u00fan no cuentan con luz el\u00e9ctrica ni agua potable.<\/p>\n\n\n\n<p>Fue\nen esa direcci\u00f3n, que se est\u00e1n revisando los casos de los diferentes sectores\nque a\u00fan no cuentan con luz el\u00e9ctrica en los diferentes loteos de parcelas de la\ncomuna, entre ellos el sector camino al aeropuerto, el tramo pendiente entre\nLaguna de los Cisnes y loteo Selknam, tambien en el sector este de la comuna detr\u00e1s\ndel destacamento Caupolican, loteo Don Benjam\u00edn, en la parte sur el sector que\ncorresponde a Santa Mar\u00eda, por lo tanto se acord\u00f3 trabajar a paso gigante para\nllegar a ellos con luz el\u00e9ctrica y agua potable a la brevedad posible teniendo\nsiempre en cuenta que no es un trabajo f\u00e1cil claramente por la emergencia\nsanitaria.<\/p>\n\n\n\n<p>La\nprimera autoridad comunal, se\u00f1al\u00f3 que \u201cse est\u00e1 avanzando en gesti\u00f3n y\napalancando recursos para poder comenzar a trabajar estos proyectos que\nclaramente tendr\u00e1n una duraci\u00f3n de dos a tres a\u00f1os incluyendo la ejecuci\u00f3n,\npero queremos brindar la tranquilidad de que se est\u00e1 trabajando para mejorar la\ncalidad de vida de nuestros vecinos y vecinas y lo estamos haciendo conforme\nnos permita avanzar la emergencia sanitaria contingente en nuestro pa\u00eds\u201d. Concluy\u00f3\nla jefa comunal.<\/p>\n","protected":false},"excerpt":{"rendered":"<p>En materia de avance y bienestar de la comunidad porvenire\u00f1a, es que se reunieron v\u00eda telem\u00e1tica, la alcaldesa Marisol Andrade C\u00e1rdenas con una divisi\u00f3n del gobierno regional, para analizar y&#8230; <a class=\"read-more\" href=\"https:\/\/www.radiopresidenteibanez.cl\/web\/municipio-de-porvenir-y-autoridades-regionales-trabajan-para-llegar-con-electricidad-y-agua-potable-a-todos-los-sectores-periurbanos-de-la-comuna\/\">Leer m\u00e1s<\/a><\/p>\n","protected":false},"author":2,"featured_media":4261,"comment_status":"closed","ping_status":"closed","sticky":false,"template":"","format":"standard","meta":{"footnotes":""},"categories":[1],"tags":[],"class_list":["post-14749","post","type-post","status-publish","format-standard","has-post-thumbnail","hentry","category-cronica"],"_links":{"self":[{"href":"https:\/\/www.radiopresidenteibanez.cl\/web\/wp-json\/wp\/v2\/posts\/14749","targetHints":{"allow":["GET"]}}],"collection":[{"href":"https:\/\/www.radiopresidenteibanez.cl\/web\/wp-json\/wp\/v2\/posts"}],"about":[{"href":"https:\/\/www.radiopresidenteibanez.cl\/web\/wp-json\/wp\/v2\/types\/post"}],"author":[{"embeddable":true,"href":"https:\/\/www.radiopresidenteibanez.cl\/web\/wp-json\/wp\/v2\/users\/2"}],"replies":[{"embeddable":true,"href":"https:\/\/www.radiopresidenteibanez.cl\/web\/wp-json\/wp\/v2\/comments?post=14749"}],"version-history":[{"count":0,"href":"https:\/\/www.radiopresidenteibanez.cl\/web\/wp-json\/wp\/v2\/posts\/14749\/revisions"}],"wp:featuredmedia":[{"embeddable":true,"href":"https:\/\/www.radiopresidenteibanez.cl\/web\/wp-json\/wp\/v2\/media\/4261"}],"wp:attachment":[{"href":"https:\/\/www.radiopresidenteibanez.cl\/web\/wp-json\/wp\/v2\/media?parent=14749"}],"wp:term":[{"taxonomy":"category","embeddable":true,"href":"https:\/\/www.radiopresidenteibanez.cl\/web\/wp-json\/wp\/v2\/categories?post=14749"},{"taxonomy":"post_tag","embeddable":true,"href":"https:\/\/www.radiopresidenteibanez.cl\/web\/wp-json\/wp\/v2\/tags?post=14749"}],"curies":[{"name":"wp","href":"https:\/\/api.w.org\/{rel}","templated":true}]}}