{"id":14742,"date":"2020-09-15T04:13:12","date_gmt":"2020-09-15T04:13:12","guid":{"rendered":"https:\/\/www.radiopresidenteibanez.cl\/web\/?p=14742"},"modified":"2020-09-14T22:15:10","modified_gmt":"2020-09-14T22:15:10","slug":"ninas-y-ninos-del-jardin-infantil-villa-las-nieves-agradecidos-por-ser-parte-de-proyecto-de-danza-folclorica","status":"publish","type":"post","link":"https:\/\/www.radiopresidenteibanez.cl\/web\/ninas-y-ninos-del-jardin-infantil-villa-las-nieves-agradecidos-por-ser-parte-de-proyecto-de-danza-folclorica\/","title":{"rendered":"NI\u00d1AS Y NI\u00d1OS DEL JARD\u00cdN INFANTIL \u201cVILLA LAS NIEVES\u201d AGRADECIDOS POR SER PARTE DE PROYECTO DE DANZA FOLCL\u00d3RICA"},"content":{"rendered":"\n<p>El proyecto Danza Folcl\u00f3rica Patag\u00f3nica, financiado por el Programa Acciona Componente Mediaci\u00f3n del Ministerio de las Culturas, las Artes y el Patrimonio, favoreci\u00f3 a ni\u00f1as y ni\u00f1os y sus familias, del nivel Medio Mayor del establecimiento \u201cVilla Las Nieves\u201d de Punta Arenas, recinto administrado por la Junta Nacional de Jardines Infantiles (JUNJI). &nbsp;<\/p>\n\n\n\n<p>Se trat\u00f3 de seis sesiones por Internet celebradas en los meses de agosto y septiembre de 2020 con once p\u00e1rvulos, guiados por el artista \u00d3scar Carri\u00f3n, profesional de vasta trayectoria con quien los peque\u00f1os tuvieron una excelente relaci\u00f3n y de quien se mostraron muy agradecidos. &nbsp;&nbsp;<\/p>\n\n\n\n<p>Karen Wilson, mam\u00e1 de Isidora Huanquil, dijo que \u201clas clases nos encantaron porque aprendimos tambi\u00e9n. \u00d3scar sabe llegar a los ni\u00f1os. Es bueno tener actividades como \u00e9stas en el encierro por el CoronaVirus\u201d. En tanto, Daniela Ampuero, madre de Pedro Molina, afirm\u00f3 que \u201c\u00d3scar Carri\u00f3n explica s\u00faper bien y las clases est\u00e1n hechas virtualmente de forma \u00f3ptima. Se oyeron bien y las instrucciones se pueden ver prontamente\u201d. &nbsp;<\/p>\n\n\n\n<p>Paulina Pinto, madre de Marina Solar, descubri\u00f3 que \u201ca mi hija le encanta lo art\u00edstico. Mostr\u00f3 inter\u00e9s preparando su vestuario. \u00d3scar Carri\u00f3n es un siete, muy profesional y divertido\u201d. Daniela Figueroa, mam\u00e1 de Gabriela Olavarr\u00eda, detall\u00f3 que \u201ca \u2018Gaby\u2019 le gustaba seguir los pasos, ensayar. Fue una entretenci\u00f3n. Los ni\u00f1os adoran al \u2018t\u00edo \u00d3scar\u2019\u201d. &nbsp;<\/p>\n\n\n\n<p>La educadora de Medio Mayor de \u201cVilla Las Nieves\u201d, Marta Maya, asever\u00f3 que \u201cel proyecto acerc\u00f3 el arte de la Patagonia a los ni\u00f1os, ya que, por ejemplo, aprendieron chamam\u00e9. Se divirtieron en las sesiones y bailaron. Las familias estuvieron contentas acompa\u00f1ando a sus hijas e hijos, fueron colaborativas. Fue una satisfacci\u00f3n ver a las ni\u00f1as y los ni\u00f1os m\u00e1s grandes e independientes, disfrutando a trav\u00e9s de la danza\u201d. &nbsp;<\/p>\n\n\n\n<p>La Directora Regional (S) de la JUNJI de Magallanes y de la Ant\u00e1rtica Chilena, Marisol Villegas N\u00fa\u00f1ez, recalc\u00f3 que todas y todos son importantes en la educaci\u00f3n inicial. \u201cEstamos agradecidos por el apoyo del Ministerio de las Culturas, las Artes y el Patrimonio y del artista \u00d3scar Carri\u00f3n, que es uno de los profesores favoritos de las distintas comunidades educativas de la JUNJI en Punta Arenas. Marta Maya fue una educadora muy entusiasta en esta iniciativa. Ha sido muy gratificante ver a todas y a todos bailando en sus casas y compartiendo a trav\u00e9s de Internet\u201d, estableci\u00f3. &nbsp;&nbsp;<\/p>\n\n\n\n<p>La Secretaria Regional Ministerial de las Culturas, las Artes y el Patrimonio, Katherine Ibacache Calder\u00f3n, concluy\u00f3 agradeciendo a \u00ablas ni\u00f1as, ni\u00f1os, madres, padres y apoderados por participar en este proyecto de danza folcl\u00f3rica. Especialmente en momentos complejos y que nos obligan a asumir nuevos desaf\u00edos como la relaci\u00f3n a distancia y a trav\u00e9s de los medios digitales. Tambi\u00e9n quiero destacar el apoyo y cooperaci\u00f3n de la JUNJI y todas sus funcionarias y funcionarios para concretar esta iniciativa. El inter\u00e9s y prop\u00f3sito, a trav\u00e9s del Programa Acciona, es acercar y activar en la temprana edad las diferentes expresiones art\u00edsticas, que m\u00e1s tarde se constituir\u00e1n en factor diferenciador y significativo para el desarrollo personal, comportamiento en sociedad y el crecimiento integral de las ni\u00f1as y los ni\u00f1os\u00bb.&nbsp;<\/p>\n","protected":false},"excerpt":{"rendered":"<p>El proyecto Danza Folcl\u00f3rica Patag\u00f3nica, financiado por el Programa Acciona Componente Mediaci\u00f3n del Ministerio de las Culturas, las Artes y el Patrimonio, favoreci\u00f3 a ni\u00f1as y ni\u00f1os y sus familias,&#8230; <a class=\"read-more\" href=\"https:\/\/www.radiopresidenteibanez.cl\/web\/ninas-y-ninos-del-jardin-infantil-villa-las-nieves-agradecidos-por-ser-parte-de-proyecto-de-danza-folclorica\/\">Leer m\u00e1s<\/a><\/p>\n","protected":false},"author":2,"featured_media":14743,"comment_status":"closed","ping_status":"closed","sticky":false,"template":"","format":"standard","meta":{"footnotes":""},"categories":[1],"tags":[],"class_list":["post-14742","post","type-post","status-publish","format-standard","has-post-thumbnail","hentry","category-cronica"],"_links":{"self":[{"href":"https:\/\/www.radiopresidenteibanez.cl\/web\/wp-json\/wp\/v2\/posts\/14742","targetHints":{"allow":["GET"]}}],"collection":[{"href":"https:\/\/www.radiopresidenteibanez.cl\/web\/wp-json\/wp\/v2\/posts"}],"about":[{"href":"https:\/\/www.radiopresidenteibanez.cl\/web\/wp-json\/wp\/v2\/types\/post"}],"author":[{"embeddable":true,"href":"https:\/\/www.radiopresidenteibanez.cl\/web\/wp-json\/wp\/v2\/users\/2"}],"replies":[{"embeddable":true,"href":"https:\/\/www.radiopresidenteibanez.cl\/web\/wp-json\/wp\/v2\/comments?post=14742"}],"version-history":[{"count":0,"href":"https:\/\/www.radiopresidenteibanez.cl\/web\/wp-json\/wp\/v2\/posts\/14742\/revisions"}],"wp:featuredmedia":[{"embeddable":true,"href":"https:\/\/www.radiopresidenteibanez.cl\/web\/wp-json\/wp\/v2\/media\/14743"}],"wp:attachment":[{"href":"https:\/\/www.radiopresidenteibanez.cl\/web\/wp-json\/wp\/v2\/media?parent=14742"}],"wp:term":[{"taxonomy":"category","embeddable":true,"href":"https:\/\/www.radiopresidenteibanez.cl\/web\/wp-json\/wp\/v2\/categories?post=14742"},{"taxonomy":"post_tag","embeddable":true,"href":"https:\/\/www.radiopresidenteibanez.cl\/web\/wp-json\/wp\/v2\/tags?post=14742"}],"curies":[{"name":"wp","href":"https:\/\/api.w.org\/{rel}","templated":true}]}}