{"id":14739,"date":"2020-09-14T22:12:25","date_gmt":"2020-09-14T22:12:25","guid":{"rendered":"https:\/\/www.radiopresidenteibanez.cl\/web\/?p=14739"},"modified":"2020-09-14T22:12:50","modified_gmt":"2020-09-14T22:12:50","slug":"prision-preventiva-para-autor-de-femicidio-frustrado-y-desacato","status":"publish","type":"post","link":"https:\/\/www.radiopresidenteibanez.cl\/web\/prision-preventiva-para-autor-de-femicidio-frustrado-y-desacato\/","title":{"rendered":"PRISI\u00d3N PREVENTIVA PARA AUTOR DE FEMICIDIO FRUSTRADO Y DESACATO"},"content":{"rendered":"\n<p>En prisi\u00f3n\npreventiva luego de ser formalizado por los delitos de femicidio frustrado y de\ndesacato consumado, qued\u00f3 sujeto sindicado, por la v\u00edctima y testigos, como el\nautor del delito.<\/p>\n\n\n\n<p>Durante la\naudiencia, el Fiscal Sebasti\u00e1n Gonz\u00e1lez indic\u00f3 que el hecho se perpetr\u00f3 el 13\nde septiembre, alrededor de las 13.25 horas, al interior de un inmueble ubicado\nen Punta Arenas, cuando el sujeto, que se encontraba en estado de ebriedad,\nsostuvo una discusi\u00f3n con su pareja, tir\u00e1ndola sobre la cama, abalanz\u00e1ndose\nsobre ella para luego tomar un coj\u00edn y presionarlo sobre su cara, como tambi\u00e9n\napretarle fuertemente el cuello con ambas manos con claras intenciones de\nasfixiarla y darle muerte, momentos en que la v\u00edctima clam\u00f3 por auxilio, siendo\nescuchada por los due\u00f1os de la casa que ingresaron a la habitaci\u00f3n e\nintervinieron.<\/p>\n\n\n\n<p>Cabe indicar\nque , adem\u00e1s de la agresi\u00f3n el imputado quebrant\u00f3 lo impuesto en otras causas\npenales por violencia intrafamiliar&nbsp; de\nenero y mayo de 2020 en la cual ten\u00eda prohibici\u00f3n absoluta de acercarse a la\nv\u00edctima, como tambi\u00e9n hacer abandono del domicilio que compart\u00edan. <em><\/em><\/p>\n\n\n\n<p>Con\nestos hechos el representante del Ministerio P\u00fablico solicit\u00f3 para el imputado\nla medida cautelar de prisi\u00f3n preventiva, considerando la gravedad de la pena\nasignada, y el peligro que constituye para la seguridad de la sociedad y para\nla propia v\u00edctima. La solicitud fue acogida por el tribunal, estableciendo un\nplazo de 90 d\u00edas para la investigaci\u00f3n.<\/p>\n","protected":false},"excerpt":{"rendered":"<p>En prisi\u00f3n preventiva luego de ser formalizado por los delitos de femicidio frustrado y de desacato consumado, qued\u00f3 sujeto sindicado, por la v\u00edctima y testigos, como el autor del delito&#8230;. <a class=\"read-more\" href=\"https:\/\/www.radiopresidenteibanez.cl\/web\/prision-preventiva-para-autor-de-femicidio-frustrado-y-desacato\/\">Leer m\u00e1s<\/a><\/p>\n","protected":false},"author":2,"featured_media":14740,"comment_status":"closed","ping_status":"closed","sticky":false,"template":"","format":"standard","meta":{"footnotes":""},"categories":[1],"tags":[],"class_list":["post-14739","post","type-post","status-publish","format-standard","has-post-thumbnail","hentry","category-cronica"],"_links":{"self":[{"href":"https:\/\/www.radiopresidenteibanez.cl\/web\/wp-json\/wp\/v2\/posts\/14739","targetHints":{"allow":["GET"]}}],"collection":[{"href":"https:\/\/www.radiopresidenteibanez.cl\/web\/wp-json\/wp\/v2\/posts"}],"about":[{"href":"https:\/\/www.radiopresidenteibanez.cl\/web\/wp-json\/wp\/v2\/types\/post"}],"author":[{"embeddable":true,"href":"https:\/\/www.radiopresidenteibanez.cl\/web\/wp-json\/wp\/v2\/users\/2"}],"replies":[{"embeddable":true,"href":"https:\/\/www.radiopresidenteibanez.cl\/web\/wp-json\/wp\/v2\/comments?post=14739"}],"version-history":[{"count":0,"href":"https:\/\/www.radiopresidenteibanez.cl\/web\/wp-json\/wp\/v2\/posts\/14739\/revisions"}],"wp:featuredmedia":[{"embeddable":true,"href":"https:\/\/www.radiopresidenteibanez.cl\/web\/wp-json\/wp\/v2\/media\/14740"}],"wp:attachment":[{"href":"https:\/\/www.radiopresidenteibanez.cl\/web\/wp-json\/wp\/v2\/media?parent=14739"}],"wp:term":[{"taxonomy":"category","embeddable":true,"href":"https:\/\/www.radiopresidenteibanez.cl\/web\/wp-json\/wp\/v2\/categories?post=14739"},{"taxonomy":"post_tag","embeddable":true,"href":"https:\/\/www.radiopresidenteibanez.cl\/web\/wp-json\/wp\/v2\/tags?post=14739"}],"curies":[{"name":"wp","href":"https:\/\/api.w.org\/{rel}","templated":true}]}}