{"id":14736,"date":"2020-09-14T16:58:52","date_gmt":"2020-09-14T16:58:52","guid":{"rendered":"https:\/\/www.radiopresidenteibanez.cl\/web\/?p=14736"},"modified":"2020-09-14T16:59:00","modified_gmt":"2020-09-14T16:59:00","slug":"liceo-tecnico-profesional-de-la-region-de-magallanes-potenciara-vinculo-de-alumnos-con-sectores-productivos","status":"publish","type":"post","link":"https:\/\/www.radiopresidenteibanez.cl\/web\/liceo-tecnico-profesional-de-la-region-de-magallanes-potenciara-vinculo-de-alumnos-con-sectores-productivos\/","title":{"rendered":"LICEO T\u00c9CNICO PROFESIONAL DE LA REGI\u00d3N DE MAGALLANES POTENCIAR\u00c1 V\u00cdNCULO DE ALUMNOS CON SECTORES PRODUCTIVOS"},"content":{"rendered":"\n<p>Contribuir a la formaci\u00f3n de los estudiantes t\u00e9cnico-profesionales y su conexi\u00f3n con los sectores productivos del pa\u00eds, es el desaf\u00edo para el cual fue seleccionado el establecimiento Instituto Sagrada Familia, de la comuna de Punta Arenas, en la regi\u00f3n de Magallanes, para una iniciativa que busca potenciar la puesta en pr\u00e1ctica de los conocimientos adquiridos por los j\u00f3venes, y mejorar las posibilidades de empleabilidad.<\/p>\n\n\n\n<p>Es as\u00ed que el Mineduc en conjunto con la Fundaci\u00f3n Chile Dual formar\u00e1n a docentes y directivos de establecimientos, en la segunda versi\u00f3n del curso \u201cFormaci\u00f3n por Alternancia: Educaci\u00f3n del Futuro\u201d. El objetivo es instruir sobre las diversas maneras en que los estudiantes pueden alternar el aprendizaje entre el establecimiento educacional con el aprendizaje pr\u00e1ctico en otros lugares, como empresas, institutos de educaci\u00f3n superior, servicios p\u00fablicos, fundaciones, ONGs, u otros, durante un periodo determinado de tiempo.<\/p>\n\n\n\n<p>El curso ser\u00e1 dictado por&nbsp;La Red de Alternancia Educaci\u00f3n Empresa, gestionada por la Fundaci\u00f3n Chile Dual, junto al Ministerio de Educaci\u00f3n,&nbsp;con una importante presencia en todas las regiones del pa\u00eds. \u201cEsta iniciativa es muy relevante para seguir desarrollando la educaci\u00f3n t\u00e9cnico profesional en todo el pa\u00eds. Con esto, estamos ampliando las oportunidades para los j\u00f3venes, en cuanto a brindarles m\u00faltiples opciones de poner en pr\u00e1ctica lo aprendido en el aula, pero tambi\u00e9n mejorar sus posibilidades de emplearse, dado las redes que van generando en la industria, desde una etapa temprana de su formaci\u00f3n\u201d, comenta Andrea Garrido, directora ejecutiva de Chile Dual.<\/p>\n\n\n\n<p>Para esta oportunidad, el curso convocar\u00e1 a 30 liceos de distintas regiones del pa\u00eds, sumando as\u00ed un total de 40 liceos, que buscan adquirir los conocimientos y herramientas para implementar o potenciar la formaci\u00f3n por alternancia que considerando a los 20 liceos de la versi\u00f3n anterior, impactan un total de 60 establecimientos y sus comunidades educativas en lo que va de 2020.<\/p>\n\n\n\n<p>Cabe destacar que Chile Dual, la instituci\u00f3n ejecutora del curso, cuenta con amplia trayectoria en la materia, con m\u00e1s de 5 a\u00f1os asesorando grandes y medianas empresas en el trabajo con liceos TP, extendiendo el apoyo a la alternancia.<\/p>\n","protected":false},"excerpt":{"rendered":"<p>Contribuir a la formaci\u00f3n de los estudiantes t\u00e9cnico-profesionales y su conexi\u00f3n con los sectores productivos del pa\u00eds, es el desaf\u00edo para el cual fue seleccionado el establecimiento Instituto Sagrada Familia,&#8230; <a class=\"read-more\" href=\"https:\/\/www.radiopresidenteibanez.cl\/web\/liceo-tecnico-profesional-de-la-region-de-magallanes-potenciara-vinculo-de-alumnos-con-sectores-productivos\/\">Leer m\u00e1s<\/a><\/p>\n","protected":false},"author":2,"featured_media":740,"comment_status":"closed","ping_status":"closed","sticky":false,"template":"","format":"standard","meta":{"footnotes":""},"categories":[1],"tags":[],"class_list":["post-14736","post","type-post","status-publish","format-standard","has-post-thumbnail","hentry","category-cronica"],"_links":{"self":[{"href":"https:\/\/www.radiopresidenteibanez.cl\/web\/wp-json\/wp\/v2\/posts\/14736","targetHints":{"allow":["GET"]}}],"collection":[{"href":"https:\/\/www.radiopresidenteibanez.cl\/web\/wp-json\/wp\/v2\/posts"}],"about":[{"href":"https:\/\/www.radiopresidenteibanez.cl\/web\/wp-json\/wp\/v2\/types\/post"}],"author":[{"embeddable":true,"href":"https:\/\/www.radiopresidenteibanez.cl\/web\/wp-json\/wp\/v2\/users\/2"}],"replies":[{"embeddable":true,"href":"https:\/\/www.radiopresidenteibanez.cl\/web\/wp-json\/wp\/v2\/comments?post=14736"}],"version-history":[{"count":0,"href":"https:\/\/www.radiopresidenteibanez.cl\/web\/wp-json\/wp\/v2\/posts\/14736\/revisions"}],"wp:featuredmedia":[{"embeddable":true,"href":"https:\/\/www.radiopresidenteibanez.cl\/web\/wp-json\/wp\/v2\/media\/740"}],"wp:attachment":[{"href":"https:\/\/www.radiopresidenteibanez.cl\/web\/wp-json\/wp\/v2\/media?parent=14736"}],"wp:term":[{"taxonomy":"category","embeddable":true,"href":"https:\/\/www.radiopresidenteibanez.cl\/web\/wp-json\/wp\/v2\/categories?post=14736"},{"taxonomy":"post_tag","embeddable":true,"href":"https:\/\/www.radiopresidenteibanez.cl\/web\/wp-json\/wp\/v2\/tags?post=14736"}],"curies":[{"name":"wp","href":"https:\/\/api.w.org\/{rel}","templated":true}]}}