{"id":14732,"date":"2020-09-14T15:03:29","date_gmt":"2020-09-14T15:03:29","guid":{"rendered":"https:\/\/www.radiopresidenteibanez.cl\/web\/?p=14732"},"modified":"2020-09-14T15:03:33","modified_gmt":"2020-09-14T15:03:33","slug":"tu-empresa-en-un-dia-permitira-hacer-inicio-de-actividades-y-abrir-cuenta-bancaria","status":"publish","type":"post","link":"https:\/\/www.radiopresidenteibanez.cl\/web\/tu-empresa-en-un-dia-permitira-hacer-inicio-de-actividades-y-abrir-cuenta-bancaria\/","title":{"rendered":"\u201cTU EMPRESA EN UN D\u00cdA\u201d PERMITIR\u00c1 HACER INICIO DE ACTIVIDADES Y ABRIR CUENTA BANCARIA"},"content":{"rendered":"\n<p>El subsecretario de Econom\u00eda y Empresas de Menor\nTama\u00f1o, Esteban Carrasco, anunci\u00f3 que la plataforma <a href=\"http:\/\/www.tuempresaenundia.cl\/\">www.tuempresaenundia.cl<\/a> sumar\u00e1 dos nuevos tr\u00e1mites, permitiendo a las\npersonas no solo constituir una nueva empresa, sino que tambi\u00e9n hacer inicio de\nactividades y abrir una cuenta bancaria de manera completamente remota. <\/p>\n\n\n\n<p>Los emprendedores deber\u00e1n realizar primero el\ninicio de actividades para poder acceder a la apertura de una cuenta bancaria.\nEn una primera etapa, el portal ofrecer\u00e1 los servicios de Banco BCI para las 16\nregiones del pa\u00eds y de Banco Santander para la Regi\u00f3n Metropolitana.\nPr\u00f3ximamente, se espera sumar a BancoEstado y m\u00e1s adelante, a otras entidades\nfinancieras.<\/p>\n\n\n\n<p>Este anuncio se suma a que el portal \u201cTu Empresa en\nUn D\u00eda\u201d desde abril permite a las personas obtener la Firma Electr\u00f3nica\nAvanzada 100% en l\u00ednea y a un bajo costo de $ 1.000 aproximadamente para crear\nuna nueva empresa.<\/p>\n\n\n\n<p>El fortalecimiento de la plataforma \u201cTu Empresa en Un D\u00eda\u201d forma parte del cuarto eje de simplificaci\u00f3n de tr\u00e1mites y reducci\u00f3n de burocracia del Plan Paso a Paso Chile se Recupera anunciado recientemente por el Presidente Sebasti\u00e1n Pi\u00f1era. <\/p>\n\n\n\n<p>\u201cEn tiempos de adversidad como los que estamos\nviviendo actualmente, sabemos que facilitar la vida a las personas es\nfundamental y tambi\u00e9n muy necesario. Por ello, hemos trabajado para mejorar la\nplataforma \u201cTu Empresa en un D\u00eda\u201d para que, de esta manera, sea m\u00e1s f\u00e1cil\nemprender\u201d. Esto va en l\u00ednea con uno de los ejes del Plan Paso a Paso Chile se\nRecupera, que corresponde justamente a la simplificaci\u00f3n de tr\u00e1mites y\nreducci\u00f3n de burocracia\u201d, afirm\u00f3 el subsecretario de Econom\u00eda, Esteban\nCarrasco.<\/p>\n\n\n\n<p><strong>Creaci\u00f3n de empresas <\/strong><\/p>\n\n\n\n<p>En agosto, se crearon 138 empresas a trav\u00e9s del\nportal \u201cTu Empresa en Un D\u00eda\u201d en la regi\u00f3n de Magallanes, anotado un aumento de\n11,1% en comparaci\u00f3n con mismo mes de 2019. <\/p>\n\n\n\n<p>Al respecto, el seremi de Econom\u00eda, Natalia Easton,\nse\u00f1al\u00f3 \u201cla pandemia est\u00e1 generando un fuerte impacto en nuestra econom\u00eda y en\nmuchas de nuestras pymes. Pero tambi\u00e9n hemos visto que, c\u00f3mo toda crisis, ha\ngenerado nuevas oportunidades de negocio que los emprendedores de Magallanes\nest\u00e1n aprovechando y que, sin duda, contribuir\u00e1n tanto en nuestra actividad\necon\u00f3mica como en la variedad de la oferta de productos y servicios para la\ncomunidad local. Por cuarto mes consecutivo, el aumento en la creaci\u00f3n de\nnuevas empresas en nuestra regi\u00f3n ha superado los dos d\u00edgitos, lo que da cuenta\nde una clara se\u00f1al de optimismo en nuestro ecosistema emprendedor de cara a una\nfutura reactivaci\u00f3n\u201d.<\/p>\n\n\n\n<p>\u201cPese\na la pandemia, podemos ver como la creaci\u00f3n de empresas sigue aumentando, lo\nque es una buena noticia y demuestra como las personas saben que emprender puede\nser una alternativa de fuente laboral, adem\u00e1s de una posibilidad de\nreinventarse y por supuesto de sustento econ\u00f3mico que les permita salir\nadelante. Por otro lado, las cifras tambi\u00e9n confirman una marcada preferencia\nde las personas para crear sus empresas a trav\u00e9s del sistema electr\u00f3nico por\nsobre el tradicional\u201d, concluy\u00f3 el subsecretario Esteban Carrasco.<\/p>\n","protected":false},"excerpt":{"rendered":"<p>El subsecretario de Econom\u00eda y Empresas de Menor Tama\u00f1o, Esteban Carrasco, anunci\u00f3 que la plataforma www.tuempresaenundia.cl sumar\u00e1 dos nuevos tr\u00e1mites, permitiendo a las personas no solo constituir una nueva empresa,&#8230; <a class=\"read-more\" href=\"https:\/\/www.radiopresidenteibanez.cl\/web\/tu-empresa-en-un-dia-permitira-hacer-inicio-de-actividades-y-abrir-cuenta-bancaria\/\">Leer m\u00e1s<\/a><\/p>\n","protected":false},"author":2,"featured_media":14733,"comment_status":"closed","ping_status":"closed","sticky":false,"template":"","format":"standard","meta":{"footnotes":""},"categories":[1],"tags":[],"class_list":["post-14732","post","type-post","status-publish","format-standard","has-post-thumbnail","hentry","category-cronica"],"_links":{"self":[{"href":"https:\/\/www.radiopresidenteibanez.cl\/web\/wp-json\/wp\/v2\/posts\/14732","targetHints":{"allow":["GET"]}}],"collection":[{"href":"https:\/\/www.radiopresidenteibanez.cl\/web\/wp-json\/wp\/v2\/posts"}],"about":[{"href":"https:\/\/www.radiopresidenteibanez.cl\/web\/wp-json\/wp\/v2\/types\/post"}],"author":[{"embeddable":true,"href":"https:\/\/www.radiopresidenteibanez.cl\/web\/wp-json\/wp\/v2\/users\/2"}],"replies":[{"embeddable":true,"href":"https:\/\/www.radiopresidenteibanez.cl\/web\/wp-json\/wp\/v2\/comments?post=14732"}],"version-history":[{"count":0,"href":"https:\/\/www.radiopresidenteibanez.cl\/web\/wp-json\/wp\/v2\/posts\/14732\/revisions"}],"wp:featuredmedia":[{"embeddable":true,"href":"https:\/\/www.radiopresidenteibanez.cl\/web\/wp-json\/wp\/v2\/media\/14733"}],"wp:attachment":[{"href":"https:\/\/www.radiopresidenteibanez.cl\/web\/wp-json\/wp\/v2\/media?parent=14732"}],"wp:term":[{"taxonomy":"category","embeddable":true,"href":"https:\/\/www.radiopresidenteibanez.cl\/web\/wp-json\/wp\/v2\/categories?post=14732"},{"taxonomy":"post_tag","embeddable":true,"href":"https:\/\/www.radiopresidenteibanez.cl\/web\/wp-json\/wp\/v2\/tags?post=14732"}],"curies":[{"name":"wp","href":"https:\/\/api.w.org\/{rel}","templated":true}]}}