{"id":14730,"date":"2020-09-14T14:21:30","date_gmt":"2020-09-14T14:21:30","guid":{"rendered":"https:\/\/www.radiopresidenteibanez.cl\/web\/?p=14730"},"modified":"2020-09-14T14:21:34","modified_gmt":"2020-09-14T14:21:34","slug":"grandes-empresas-de-chile-estan-invitadas-a-participar-en-la-edicion-especial-2020-premio-carlos-vial-espantoso","status":"publish","type":"post","link":"https:\/\/www.radiopresidenteibanez.cl\/web\/grandes-empresas-de-chile-estan-invitadas-a-participar-en-la-edicion-especial-2020-premio-carlos-vial-espantoso\/","title":{"rendered":"GRANDES EMPRESAS DE CHILE EST\u00c1N INVITADAS A PARTICIPAR EN LA -EDICI\u00d3N ESPECIAL 2020 &#8211; PREMIO CARLOS VIAL ESPANTOSO"},"content":{"rendered":"\n<p>La Fundaci\u00f3n\nCarlos Vial Espantoso, consciente de los desaf\u00edos que supone la pandemia, donde\nel mundo empresarial debe dar a conocer que es posible construir una nueva\nforma de hacer empresa, m\u00e1s consciente y m\u00e1s humana; abre la convocatoria a la\nedici\u00f3n especial del Premio Carlos Vial Espantoso 2020.<\/p>\n\n\n\n<p>El Premio cuenta\ncon una metodolog\u00eda de evaluaci\u00f3n de empresas desarrollada por la Fundaci\u00f3n en\nconjunto con la Pontificia Universidad Cat\u00f3lica de Chile. M\u00e1s all\u00e1 de los\ncambios que implica la metodolog\u00eda de evaluaci\u00f3n, han desarrollado un\ncuestionario mucho m\u00e1s reducido y simple, en orden de facilitar la\nparticipaci\u00f3n y adaptarla al duro contexto que estamos viviendo. <\/p>\n\n\n\n<p>Este a\u00f1o la iniciativa buscar\u00e1 <strong>compartir y visibilizar las buenas\npr\u00e1cticas que han sido implementadas en las empresas durante la crisis<\/strong>, y\ndonde se ha valorado la salud, el empleo y la seguridad de los colaboradores.<\/p>\n\n\n\n<p>Al respecto le Seremi\ndel Trabajo y Previsi\u00f3n Social de Magallanes, Victoria Cort\u00e9s Schiattino dijo\nque \u00abEfectivamente, este ha sido un a\u00f1o diferente y complejo para todos,\nespecialmente para la econom\u00eda y el empleo, afectando con ello a muchos\ntrabajadores y sus familias\u201d. <\/p>\n\n\n\n<p>La Seremi\ndestac\u00f3 el esp\u00edritu de la convocatoria que hace este a\u00f1o la Fundaci\u00f3n en miras\na resaltar los esfuerzos de las empresas que han buscado, por sobre todo,\nproteger a sus trabajadores, implementando iniciativas exitosas para enfrentar\nesta pandemia y cuidar a sus equipos de trabajo, que, sin duda es lo m\u00e1s\nrelevante. Inst\u00f3 a todas las grandes empresas de la Regi\u00f3n a ser parte de la\ninvitaci\u00f3n que realiza la Fundaci\u00f3n y postular al Premio\u00bb.<\/p>\n\n\n\n<p>Para participar las compa\u00f1\u00edas deben\ncumplir con los siguientes requisitos:<\/p>\n\n\n\n<ul class=\"wp-block-list\"><li>Tener operaciones en Chile<\/li><li>Tener una dotaci\u00f3n desde 250 trabajadores con contrato\npermanente <\/li><li>Tener una facturaci\u00f3n desde 350.000 UF promedio de los\n\u00faltimos tres a\u00f1os<\/li><\/ul>\n\n\n\n<p>Invitamos a las empresas a postular\na trav\u00e9s del siguiente link: <a href=\"https:\/\/fundacioncarlosvial.cl\/premio_carlos_vial\/\">https:\/\/fundacioncarlosvial.cl\/premio_carlos_vial\/<\/a><\/p>\n\n\n\n<p>Si\ntienes preguntas sobre el cuestionario, puedes contactar a la Fundaci\u00f3n a\ntrav\u00e9s del siguiente mail: <a href=\"mailto:informaciones@fundacioncarlosvial.cl\">informaciones@fundacioncarlosvial.cl<\/a><\/p>\n","protected":false},"excerpt":{"rendered":"<p>La Fundaci\u00f3n Carlos Vial Espantoso, consciente de los desaf\u00edos que supone la pandemia, donde el mundo empresarial debe dar a conocer que es posible construir una nueva forma de hacer&#8230; <a class=\"read-more\" href=\"https:\/\/www.radiopresidenteibanez.cl\/web\/grandes-empresas-de-chile-estan-invitadas-a-participar-en-la-edicion-especial-2020-premio-carlos-vial-espantoso\/\">Leer m\u00e1s<\/a><\/p>\n","protected":false},"author":2,"featured_media":10712,"comment_status":"closed","ping_status":"closed","sticky":false,"template":"","format":"standard","meta":{"footnotes":""},"categories":[1],"tags":[],"class_list":["post-14730","post","type-post","status-publish","format-standard","has-post-thumbnail","hentry","category-cronica"],"_links":{"self":[{"href":"https:\/\/www.radiopresidenteibanez.cl\/web\/wp-json\/wp\/v2\/posts\/14730","targetHints":{"allow":["GET"]}}],"collection":[{"href":"https:\/\/www.radiopresidenteibanez.cl\/web\/wp-json\/wp\/v2\/posts"}],"about":[{"href":"https:\/\/www.radiopresidenteibanez.cl\/web\/wp-json\/wp\/v2\/types\/post"}],"author":[{"embeddable":true,"href":"https:\/\/www.radiopresidenteibanez.cl\/web\/wp-json\/wp\/v2\/users\/2"}],"replies":[{"embeddable":true,"href":"https:\/\/www.radiopresidenteibanez.cl\/web\/wp-json\/wp\/v2\/comments?post=14730"}],"version-history":[{"count":0,"href":"https:\/\/www.radiopresidenteibanez.cl\/web\/wp-json\/wp\/v2\/posts\/14730\/revisions"}],"wp:featuredmedia":[{"embeddable":true,"href":"https:\/\/www.radiopresidenteibanez.cl\/web\/wp-json\/wp\/v2\/media\/10712"}],"wp:attachment":[{"href":"https:\/\/www.radiopresidenteibanez.cl\/web\/wp-json\/wp\/v2\/media?parent=14730"}],"wp:term":[{"taxonomy":"category","embeddable":true,"href":"https:\/\/www.radiopresidenteibanez.cl\/web\/wp-json\/wp\/v2\/categories?post=14730"},{"taxonomy":"post_tag","embeddable":true,"href":"https:\/\/www.radiopresidenteibanez.cl\/web\/wp-json\/wp\/v2\/tags?post=14730"}],"curies":[{"name":"wp","href":"https:\/\/api.w.org\/{rel}","templated":true}]}}