{"id":14725,"date":"2020-09-14T14:17:50","date_gmt":"2020-09-14T14:17:50","guid":{"rendered":"https:\/\/www.radiopresidenteibanez.cl\/web\/?p=14725"},"modified":"2020-09-14T14:17:56","modified_gmt":"2020-09-14T14:17:56","slug":"pulso-sindical-diario-de-la-cgt-chile-8","status":"publish","type":"post","link":"https:\/\/www.radiopresidenteibanez.cl\/web\/pulso-sindical-diario-de-la-cgt-chile-8\/","title":{"rendered":"PULSO SINDICAL DIARIO DE LA CGT CHILE"},"content":{"rendered":"\n<p>1.- Acaba de fallecer una gran amiga nuestra, Alejandra\nLastra, compa\u00f1era de Patricio Manns y c\u00f3mplice en una aventura de hace muchos\na\u00f1os, con la que la recordamos.<\/p>\n\n\n\n<p>A fines del siglo pasado nos pusimos como meta la sede\npropia. Fueron los Illapu quienes llenaron el estadio V\u00edctor Jara y nos\nayudaron a salir de deudas e iniciar el sue\u00f1o.<\/p>\n\n\n\n<p>En el mismo estadio y para el mismo objetivo se present\u00f3\na\u00f1os despu\u00e9s Patricio Manns.<\/p>\n\n\n\n<p>Ven\u00eda por primera vez a actuar a Chile despu\u00e9s de su exilio\ny le emocion\u00f3 nuestro proyecto, del que Alejandra se hizo c\u00f3mplice y que hoy es\ntoda una realidad.<\/p>\n\n\n\n<p>Almorc\u00e9 con ellos en Conc\u00f3n algunos a\u00f1os despu\u00e9s y entre\nsaludos y conversa por los avances del proyecto, escuchamos juntos el \u00abSi\nQueremos\u00bb. Una vez m\u00e1s Patricio e Illapu juntos con nosotros. Alejandra\nfue la c\u00f3mplice perfecta de ese momento hermoso.<\/p>\n\n\n\n<p>Abrazos y afectos en donde est\u00e1s compa\u00f1era. Quedas en\nnuestro recuerdo por siempre, como una m\u00e1s de est\u00e1 organizaci\u00f3n de clase.<\/p>\n\n\n\n<p>2.- Los due\u00f1os del poder, utilizan todo lo que tienen a mano\npara confundir y enredar a los trabajadores. As\u00ed ha sido y as\u00ed ser\u00e1 por\nsiempre. Veamos un caso reciente.<\/p>\n\n\n\n<p>En la portada de La Tercera del 9 de setiembre 2020, un\ntitular en primera plana dice que \u00abel 80% de las empresas entregar\u00e1\naguinaldo de fiestas patrias a sus trabajadores\u00bb. Continua la\ninformaci\u00f3n&nbsp; &#8211; ya en letras m\u00e1s peque\u00f1as\n&#8211; diciendo que el monto promedio a pagar ser\u00e1 de $ 167.098 y que el a\u00f1o 2019 el\n91% de las empresas otorg\u00f3 este beneficio, insinuando sin mucha sutileza, que\nseguramente el estallido social y la pandemia hicieron bajar este a\u00f1o el n\u00famero\nde empresarios generosos.<\/p>\n\n\n\n<p>Todo esto y m\u00e1s, ES FALSO. <\/p>\n\n\n\n<p>Primero por qu\u00e9 son muy pocos los trabajadores que reciben\nsemejante aguinaldo adem\u00e1s de que &#8211; y esto es lo m\u00e1s importante &#8211; la medici\u00f3n\nde la encuesta Mercer se hizo en 117 compa\u00f1\u00edas, que no representan ni el 0,1%\ndel total de empresas en el pais, que llegan casi al mill\u00f3n. Trabajadores,\njam\u00e1s lo olviden. <\/p>\n\n\n\n<p>Para aguinaldos y mejores condiciones econ\u00f3micas y sociales,\nse requiere de sindicatos y de negociaci\u00f3n colectiva.<\/p>\n\n\n\n<p>3.- En el Parlamento se resolver\u00e1 como siempre&nbsp;&nbsp; &#8211; perjudicando por cierto a los trabajadores\n&#8211; lo relativo al ingreso m\u00ednimo. <\/p>\n\n\n\n<p>En las \u00faltimas horas se rechaz\u00f3 el irrisorio aumento\npropuesto por el gobierno y que implicaba&nbsp;&nbsp;\nsubir algo m\u00e1s de \u00abuna luquita\u00bb para mantener la\n\u00abcapacidad de compra\u00bb como dijo el ministro de hacienda.<\/p>\n\n\n\n<p>Junto con decir que ante el rechazo de la c\u00e1mara el gobierno\ninsistir\u00e1 en el Senado, el ministro Briones anuncio que para destrabar la\ndiscusi\u00f3n el gobierno ofreci\u00f3 un aumento de $6.000 aunque sin decir por cu\u00e1nto\ntiempo, regiria este nuevo ingreso m\u00ednimo.<\/p>\n\n\n\n<p>Bien lo dijo el presidente de los patrones, Juan Sutil,\n\u00absubir los sueldos en este momento es inadecuado. En una situaci\u00f3n critica\ncomo \u00e9sta quiz\u00e1s es suficiente (el ingreso m\u00ednimo) para subsistir. El gobierno\ncumpli\u00f3 la orden.<\/p>\n\n\n\n<p>Personalmente, sigo creyendo que los parlamentarios seguir\u00e1n\nescuchando a los patrones, haciendo o\u00eddos sordos a las demandas proletarias. Si\nno que alguien explique porque los diputados pidieron un aumento en el m\u00ednimo\nde $20.000, e incluso mostraron disposici\u00f3n de negociar si el gobierno pon\u00eda\n$10.000 en la mesa.<\/p>\n\n\n\n<p>Cu\u00e1l ser\u00e1 el resultado final? No cuesta mucho imaginarlo.<\/p>\n\n\n\n<p>4.- Estamos notificados, entonces o nos entregamos a los\ndesignios de los dioses o peleamos por lo nuestro.<\/p>\n","protected":false},"excerpt":{"rendered":"<p>1.- Acaba de fallecer una gran amiga nuestra, Alejandra Lastra, compa\u00f1era de Patricio Manns y c\u00f3mplice en una aventura de hace muchos a\u00f1os, con la que la recordamos. A fines&#8230; <a class=\"read-more\" href=\"https:\/\/www.radiopresidenteibanez.cl\/web\/pulso-sindical-diario-de-la-cgt-chile-8\/\">Leer m\u00e1s<\/a><\/p>\n","protected":false},"author":2,"featured_media":14726,"comment_status":"closed","ping_status":"closed","sticky":false,"template":"","format":"standard","meta":{"footnotes":""},"categories":[1,48],"tags":[],"class_list":["post-14725","post","type-post","status-publish","format-standard","has-post-thumbnail","hentry","category-cronica","category-pulso-sindical-diario"],"_links":{"self":[{"href":"https:\/\/www.radiopresidenteibanez.cl\/web\/wp-json\/wp\/v2\/posts\/14725","targetHints":{"allow":["GET"]}}],"collection":[{"href":"https:\/\/www.radiopresidenteibanez.cl\/web\/wp-json\/wp\/v2\/posts"}],"about":[{"href":"https:\/\/www.radiopresidenteibanez.cl\/web\/wp-json\/wp\/v2\/types\/post"}],"author":[{"embeddable":true,"href":"https:\/\/www.radiopresidenteibanez.cl\/web\/wp-json\/wp\/v2\/users\/2"}],"replies":[{"embeddable":true,"href":"https:\/\/www.radiopresidenteibanez.cl\/web\/wp-json\/wp\/v2\/comments?post=14725"}],"version-history":[{"count":0,"href":"https:\/\/www.radiopresidenteibanez.cl\/web\/wp-json\/wp\/v2\/posts\/14725\/revisions"}],"wp:featuredmedia":[{"embeddable":true,"href":"https:\/\/www.radiopresidenteibanez.cl\/web\/wp-json\/wp\/v2\/media\/14726"}],"wp:attachment":[{"href":"https:\/\/www.radiopresidenteibanez.cl\/web\/wp-json\/wp\/v2\/media?parent=14725"}],"wp:term":[{"taxonomy":"category","embeddable":true,"href":"https:\/\/www.radiopresidenteibanez.cl\/web\/wp-json\/wp\/v2\/categories?post=14725"},{"taxonomy":"post_tag","embeddable":true,"href":"https:\/\/www.radiopresidenteibanez.cl\/web\/wp-json\/wp\/v2\/tags?post=14725"}],"curies":[{"name":"wp","href":"https:\/\/api.w.org\/{rel}","templated":true}]}}