{"id":14722,"date":"2020-09-13T15:56:56","date_gmt":"2020-09-13T15:56:56","guid":{"rendered":"https:\/\/www.radiopresidenteibanez.cl\/web\/?p=14722"},"modified":"2020-09-13T15:57:02","modified_gmt":"2020-09-13T15:57:02","slug":"gasco-magallanes-cierra-oficinas-comerciales-en-puerto-natales-y-porvenir-por-cuarentena","status":"publish","type":"post","link":"https:\/\/www.radiopresidenteibanez.cl\/web\/gasco-magallanes-cierra-oficinas-comerciales-en-puerto-natales-y-porvenir-por-cuarentena\/","title":{"rendered":"GASCO MAGALLANES CIERRA OFICINAS COMERCIALES EN PUERTO NATALES Y PORVENIR POR CUARENTENA"},"content":{"rendered":"\n<p>Tras\nla determinaci\u00f3n adoptada por la autoridad de Salud, de implantar cuarentena\nobligatoria a las comunas de Puerto Natales y Porvenir a partir del viernes 11\nde septiembre a las 23 horas, Gasco Magallanes informa que las oficinas\ncomerciales en ambas ciudades y al igual que en Punta Arenas, suspender\u00e1n la\natenci\u00f3n a clientes en forma presencial hasta que se levanten las medidas\nsanitarias.<\/p>\n\n\n\n<p>La atenci\u00f3n de los clientes\ns\u00f3lo se realizar\u00e1 a trav\u00e9s de los canales remotos, tales como:<\/p>\n\n\n\n<ul class=\"wp-block-list\"><li>Call center 61 220 8000 de lunes a viernes de 8:00 a 21:00 hrs<\/li><\/ul>\n\n\n\n<ul class=\"wp-block-list\"><li>Sucursal virtual donde podr\u00e1 realizar pagos en l\u00ednea,\nobtener informaci\u00f3n y contactarse para requerimientos a trav\u00e9s del formulario\nde contacto en <a href=\"http:\/\/www.gascomagallanes.cl\/\">www.gascomagallanes.cl.<\/a><\/li><\/ul>\n\n\n\n<ul class=\"wp-block-list\"><li>Tambi\u00e9n puede contactarnos directamente a nuestro email <a href=\"mailto:callmag@gasco.cl\">callmag@gasco.cl<\/a><\/li><\/ul>\n\n\n\n<ul class=\"wp-block-list\"><li>Adem\u00e1s, pago en l\u00ednea en <a href=\"http:\/\/www.unired.cl\/\">www.unired.cl<\/a><\/li><\/ul>\n\n\n\n<p>Otras\nalternativas de pago son los centros externos tales como Caja Vecina,\nsupermercados Unimarc y bancos con convenio. Esta informaci\u00f3n est\u00e1 disponible\nal reverso de la boleta y en <a href=\"http:\/\/www.gascomagallanes.cl\/\">www.gascomagallanes.cl<\/a><\/p>\n\n\n\n<p>Asimismo,\nla empresa hace un llamado a la comunidad en general a tener una conducta\npreventiva, informarse y tomar los resguardos establecidos por las autoridades\nsanitarias y especialistas para evitar problemas de salud en especial, adultos\nmayores, ni\u00f1os y personas con enfermedades cr\u00f3nicas.<\/p>\n\n\n\n<p>La prevenci\u00f3n es\nresponsabilidad de todos.<\/p>\n","protected":false},"excerpt":{"rendered":"<p>Tras la determinaci\u00f3n adoptada por la autoridad de Salud, de implantar cuarentena obligatoria a las comunas de Puerto Natales y Porvenir a partir del viernes 11 de septiembre a las&#8230; <a class=\"read-more\" href=\"https:\/\/www.radiopresidenteibanez.cl\/web\/gasco-magallanes-cierra-oficinas-comerciales-en-puerto-natales-y-porvenir-por-cuarentena\/\">Leer m\u00e1s<\/a><\/p>\n","protected":false},"author":2,"featured_media":14723,"comment_status":"closed","ping_status":"closed","sticky":false,"template":"","format":"standard","meta":{"footnotes":""},"categories":[1],"tags":[],"class_list":["post-14722","post","type-post","status-publish","format-standard","has-post-thumbnail","hentry","category-cronica"],"_links":{"self":[{"href":"https:\/\/www.radiopresidenteibanez.cl\/web\/wp-json\/wp\/v2\/posts\/14722","targetHints":{"allow":["GET"]}}],"collection":[{"href":"https:\/\/www.radiopresidenteibanez.cl\/web\/wp-json\/wp\/v2\/posts"}],"about":[{"href":"https:\/\/www.radiopresidenteibanez.cl\/web\/wp-json\/wp\/v2\/types\/post"}],"author":[{"embeddable":true,"href":"https:\/\/www.radiopresidenteibanez.cl\/web\/wp-json\/wp\/v2\/users\/2"}],"replies":[{"embeddable":true,"href":"https:\/\/www.radiopresidenteibanez.cl\/web\/wp-json\/wp\/v2\/comments?post=14722"}],"version-history":[{"count":0,"href":"https:\/\/www.radiopresidenteibanez.cl\/web\/wp-json\/wp\/v2\/posts\/14722\/revisions"}],"wp:featuredmedia":[{"embeddable":true,"href":"https:\/\/www.radiopresidenteibanez.cl\/web\/wp-json\/wp\/v2\/media\/14723"}],"wp:attachment":[{"href":"https:\/\/www.radiopresidenteibanez.cl\/web\/wp-json\/wp\/v2\/media?parent=14722"}],"wp:term":[{"taxonomy":"category","embeddable":true,"href":"https:\/\/www.radiopresidenteibanez.cl\/web\/wp-json\/wp\/v2\/categories?post=14722"},{"taxonomy":"post_tag","embeddable":true,"href":"https:\/\/www.radiopresidenteibanez.cl\/web\/wp-json\/wp\/v2\/tags?post=14722"}],"curies":[{"name":"wp","href":"https:\/\/api.w.org\/{rel}","templated":true}]}}