{"id":14719,"date":"2020-09-13T15:53:30","date_gmt":"2020-09-13T15:53:30","guid":{"rendered":"https:\/\/www.radiopresidenteibanez.cl\/web\/?p=14719"},"modified":"2020-09-13T15:53:35","modified_gmt":"2020-09-13T15:53:35","slug":"implementan-fonda-virtual-para-apoyar-a-emprendedores-locales","status":"publish","type":"post","link":"https:\/\/www.radiopresidenteibanez.cl\/web\/implementan-fonda-virtual-para-apoyar-a-emprendedores-locales\/","title":{"rendered":"IMPLEMENTAN FONDA VIRTUAL PARA APOYAR A EMPRENDEDORES LOCALES"},"content":{"rendered":"\n<p>Una nueva plataforma virtual busca apoyar la visibilizaci\u00f3n de emprendimientos\napoyados por el Fondo de Solidaridad e Inversi\u00f3n Social, FOSIS, servicio\nrelacionado al Ministerio de Desarrollo Social y Familia, y potenciar la\ncomercializaci\u00f3n online de productos t\u00edpicos en estas Fiestas Patrias.<\/p>\n\n\n\n<p>En total, la \u201cFonda FOSIS\u201d posee m\u00e1s de 200 emprendedores de todo el pa\u00eds,\ncon representaci\u00f3n de 12 emprendimientos magall\u00e1nicos principalmente enfocados\nal rubro de la alimentaci\u00f3n, desde dulces chilenos hasta elaboraci\u00f3n de empanadas,\nmote con huesillo, entre otros.<\/p>\n\n\n\n<p>La Seremi de Desarrollo Social y Familia, Liz Casanueva, realiz\u00f3 una\ninvitaci\u00f3n a la ciudadan\u00eda magall\u00e1nica, se\u00f1alando que \u201cel mes de septiembre es\nuna fecha que se caracteriza por un alto gasto en alimentos, y considerando que\neste a\u00f1o la celebraci\u00f3n de nuestras Fiestas Patrias se realizar\u00e1 en un contexto\nde cuarentena, y para muchos de austeridad, hago una invitaci\u00f3n para que\nprivilegiemos la opci\u00f3n de adquirir las comidas t\u00edpicas elaboradas por nuestros\nemprendedores locales, personas que a trav\u00e9s de su trayectoria en los diversos\nprogramas del FOSIS han demostrado su profesionalismo y superaci\u00f3n\u201d.<\/p>\n\n\n\n<p>Por su parte, el director regional del FOSIS,\nHern\u00e1n Soto, explic\u00f3 que \u201cluego de la exitosa Cyber FOSIS realizada hace un par\nde semanas se abri\u00f3 la opci\u00f3n de planear esta Fonda FOSIS, entendiendo que, a\npesar de la pandemia, los emprendedores puedan tener una ventana para captar\nnuevos clientes y ofrecer sus productos a trav\u00e9s de delivery. Esperamos puedan\nincrementar sus ventas en este periodo que sol\u00eda ser uno de los mejores en\ntiempos normales\u201d.<\/p>\n\n\n\n<p>Paralelo a la vitrina digital, se realizar\u00e1n distintas activaciones\ndigitales, en la que emprendedores de todo el pa\u00eds mostrar\u00e1n distintas\ntradiciones t\u00edpicas a trav\u00e9s de tutoriales en los que ense\u00f1ar\u00e1n a bailar cueca,\nhacer un volant\u00edn o jugar trompo, por ejemplo. <\/p>\n\n\n\n<p>A Fonda FOSIS se accede a trav\u00e9s del banner principal de www.fosis.gob.cl o\ndirectamente en www.fonda.fosis.cl, sitio que estar\u00e1 disponible hasta el 20 de septiembre.<\/p>\n","protected":false},"excerpt":{"rendered":"<p>Una nueva plataforma virtual busca apoyar la visibilizaci\u00f3n de emprendimientos apoyados por el Fondo de Solidaridad e Inversi\u00f3n Social, FOSIS, servicio relacionado al Ministerio de Desarrollo Social y Familia, y&#8230; <a class=\"read-more\" href=\"https:\/\/www.radiopresidenteibanez.cl\/web\/implementan-fonda-virtual-para-apoyar-a-emprendedores-locales\/\">Leer m\u00e1s<\/a><\/p>\n","protected":false},"author":2,"featured_media":14720,"comment_status":"closed","ping_status":"closed","sticky":false,"template":"","format":"standard","meta":{"footnotes":""},"categories":[1],"tags":[],"class_list":["post-14719","post","type-post","status-publish","format-standard","has-post-thumbnail","hentry","category-cronica"],"_links":{"self":[{"href":"https:\/\/www.radiopresidenteibanez.cl\/web\/wp-json\/wp\/v2\/posts\/14719","targetHints":{"allow":["GET"]}}],"collection":[{"href":"https:\/\/www.radiopresidenteibanez.cl\/web\/wp-json\/wp\/v2\/posts"}],"about":[{"href":"https:\/\/www.radiopresidenteibanez.cl\/web\/wp-json\/wp\/v2\/types\/post"}],"author":[{"embeddable":true,"href":"https:\/\/www.radiopresidenteibanez.cl\/web\/wp-json\/wp\/v2\/users\/2"}],"replies":[{"embeddable":true,"href":"https:\/\/www.radiopresidenteibanez.cl\/web\/wp-json\/wp\/v2\/comments?post=14719"}],"version-history":[{"count":0,"href":"https:\/\/www.radiopresidenteibanez.cl\/web\/wp-json\/wp\/v2\/posts\/14719\/revisions"}],"wp:featuredmedia":[{"embeddable":true,"href":"https:\/\/www.radiopresidenteibanez.cl\/web\/wp-json\/wp\/v2\/media\/14720"}],"wp:attachment":[{"href":"https:\/\/www.radiopresidenteibanez.cl\/web\/wp-json\/wp\/v2\/media?parent=14719"}],"wp:term":[{"taxonomy":"category","embeddable":true,"href":"https:\/\/www.radiopresidenteibanez.cl\/web\/wp-json\/wp\/v2\/categories?post=14719"},{"taxonomy":"post_tag","embeddable":true,"href":"https:\/\/www.radiopresidenteibanez.cl\/web\/wp-json\/wp\/v2\/tags?post=14719"}],"curies":[{"name":"wp","href":"https:\/\/api.w.org\/{rel}","templated":true}]}}