{"id":14716,"date":"2020-09-13T15:48:41","date_gmt":"2020-09-13T15:48:41","guid":{"rendered":"https:\/\/www.radiopresidenteibanez.cl\/web\/?p=14716"},"modified":"2020-09-13T15:48:46","modified_gmt":"2020-09-13T15:48:46","slug":"proceso-constituyente-importancia-de-la-participacion-de-las-mujeres-por-ingrid-melipillan-munoz","status":"publish","type":"post","link":"https:\/\/www.radiopresidenteibanez.cl\/web\/proceso-constituyente-importancia-de-la-participacion-de-las-mujeres-por-ingrid-melipillan-munoz\/","title":{"rendered":"PROCESO CONSTITUYENTE: IMPORTANCIA DE LA PARTICIPACI\u00d3N DE LAS MUJERES por Ingrid Melipill\u00e1n Mu\u00f1oz"},"content":{"rendered":"\n<p>Hoy, me sent\u00e9 a escribir\ndesde lo que coloquialmente decimos \u201cla guata\u201d, reflexionando en el por qu\u00e9\ndebemos pensar en el proceso constituyente con una mirada feminista, entendiendo\nel feminismo como \u201cun conjunto heterog\u00e9neo\u200b de movimientos pol\u00edticos,\nculturales, econ\u00f3micos y sociales que tiene como objetivo la b\u00fasqueda de la\nigualdad de derechos entre hombres y mujeres, \u200b\u200b\u200b\u200b y eliminar la dominaci\u00f3n y\nviolencia de los varones sobre las mujeres\u200b adem\u00e1s de una teor\u00eda social y\npol\u00edtica\u201d, desde este punto de partida, y ya teniendo en cuenta m\u00e1s o\nmenos que es el feminismo, les planteo entonces: Debemos &nbsp;dejar de temer que este proceso nos pertenece\na todes, donde claramente las mujeres tienen un rol fundamental, incidir a\ntrav\u00e9s del di\u00e1logo, y la construcci\u00f3n colectiva &nbsp;que esta nueva constituci\u00f3n sea equitativa,\nequilibrada, y que represente a todos los sectores en nuestro pa\u00eds.<\/p>\n\n\n\n<p>Esta constituci\u00f3n debe marcar\n&nbsp;el inicio a un proceso de reivindicaci\u00f3n\nde los derechos de las mujeres en todos sus contextos, y un real cambio y\ntransformaci\u00f3n cultural, erradicar el patriarcado, erradicar las discriminaciones,\ny valorar todas las formas de sentir y vivir, donde el desarrollo de las\npersonas sea lo central, donde la justicia social sea eje articulador, donde\nlas normas jur\u00eddicas adopten las diferencias y las similitudes, y reconozcan e\nintegren los conceptos de equidad y g\u00e9nero. <\/p>\n\n\n\n<p>Hoy escribo, desde el centro\nde mi ser, como mujer, como descendiente de nuestro pueblos originarios, que\nbusca y espera que nuestro pa\u00eds reconozca y entienda que somos hijas e hijos de\nesta tierra que no tiene fronteras, que la diversidad es un camino ineludible, por\neso me atrevo a realizar este llamado, por la convicci\u00f3n que tengo y la esperanza\nde que estamos transitando el camino correcto, votar apruebo, pensando en que\nlas mujeres tengamos las mismas oportunidades que los hombres, en igualdad de\ncondiciones, porque creo necesario que con este proceso constituyente, debemos luchar\npor erradicar los vicios de esta sociedad que naturaliza aquello que nos da\u00f1a y\ndesune. <\/p>\n\n\n\n<p>Hoy les escribo como\nmilitante de un partido pol\u00edtico, donde a\u00fan podemos observar una estructura\nr\u00edgida, a pesar de los avances, de las leyes que nos obligan a la paridad,\nfalta avanzar en la conciencia misma de quienes son parte, falta deconstruirse\ny volver a entender que tanto mujeres como hombres aportamos a la construcci\u00f3n\nsocial y buscamos el bien com\u00fan para todes, siento que son espacios donde\npodemos aportar, y debemos transformar, las mujeres tienen las capacidades para\nasumir liderazgos y ser parte de la toma de decisiones, y en esto tengo la\nconvicci\u00f3n que ello se hace desde adentro, sin temor a quebrar estas\nestructuras verticalizadas y machistas, todes debemos reeducarnos y reaprender\nsobre equidad de g\u00e9nero, transversalizaci\u00f3n y respeto a las diferencias, los\npartidos pol\u00edticos deben representar a todas las personas, por ello creo que a\npesar de las cr\u00edticas, ese es mi lugar hoy, desde ese espacio acabar con el\npatriarcado, y recuperar la confianza de la ciudadan\u00eda, en el quehacer pol\u00edtico\npartidario, con honestidad y transparencia. <\/p>\n\n\n\n<p>Por ello es importante pensar\nen el proceso constituyente, como un espacio de participaci\u00f3n real,\npluralista,&nbsp; donde todas las mujeres sean\nparte del debate, todas somos importantes, todas tenemos algo que aportar, la\ndemocracia se hace plena, cunado la ciudadan\u00eda se comunica, dialoga,\nreflexiona,, entorno a lo que es necesario y justo, y de ese debate no podemos\nquedar ajenas. <\/p>\n\n\n\n<p>Hoy les escribo, desde lo m\u00e1s\nprofundo de m\u00ed ser, como mujer, como profesional, madre, hermana, hija y\ncompa\u00f1era, invit\u00e1ndolas a caminar juntas, por un chile distinto, amable,\nemp\u00e1tico, sororo. Arriba las mujeres que transitan por esta vida, luchadoras\nincansables, por un plebiscito feminista y hasta que la dignidad se haga\ncostumbre.<\/p>\n\n\n\n<p><strong>Ingrid\nMelipill\u00e1n Mu\u00f1oz<\/strong><\/p>\n\n\n\n<p><strong>Colectivo\nVanguardia Comunitaria<\/strong><\/p>\n","protected":false},"excerpt":{"rendered":"<p>Hoy, me sent\u00e9 a escribir desde lo que coloquialmente decimos \u201cla guata\u201d, reflexionando en el por qu\u00e9 debemos pensar en el proceso constituyente con una mirada feminista, entendiendo el feminismo&#8230; <a class=\"read-more\" href=\"https:\/\/www.radiopresidenteibanez.cl\/web\/proceso-constituyente-importancia-de-la-participacion-de-las-mujeres-por-ingrid-melipillan-munoz\/\">Leer m\u00e1s<\/a><\/p>\n","protected":false},"author":2,"featured_media":14717,"comment_status":"closed","ping_status":"closed","sticky":false,"template":"","format":"standard","meta":{"footnotes":""},"categories":[1],"tags":[],"class_list":["post-14716","post","type-post","status-publish","format-standard","has-post-thumbnail","hentry","category-cronica"],"_links":{"self":[{"href":"https:\/\/www.radiopresidenteibanez.cl\/web\/wp-json\/wp\/v2\/posts\/14716","targetHints":{"allow":["GET"]}}],"collection":[{"href":"https:\/\/www.radiopresidenteibanez.cl\/web\/wp-json\/wp\/v2\/posts"}],"about":[{"href":"https:\/\/www.radiopresidenteibanez.cl\/web\/wp-json\/wp\/v2\/types\/post"}],"author":[{"embeddable":true,"href":"https:\/\/www.radiopresidenteibanez.cl\/web\/wp-json\/wp\/v2\/users\/2"}],"replies":[{"embeddable":true,"href":"https:\/\/www.radiopresidenteibanez.cl\/web\/wp-json\/wp\/v2\/comments?post=14716"}],"version-history":[{"count":0,"href":"https:\/\/www.radiopresidenteibanez.cl\/web\/wp-json\/wp\/v2\/posts\/14716\/revisions"}],"wp:featuredmedia":[{"embeddable":true,"href":"https:\/\/www.radiopresidenteibanez.cl\/web\/wp-json\/wp\/v2\/media\/14717"}],"wp:attachment":[{"href":"https:\/\/www.radiopresidenteibanez.cl\/web\/wp-json\/wp\/v2\/media?parent=14716"}],"wp:term":[{"taxonomy":"category","embeddable":true,"href":"https:\/\/www.radiopresidenteibanez.cl\/web\/wp-json\/wp\/v2\/categories?post=14716"},{"taxonomy":"post_tag","embeddable":true,"href":"https:\/\/www.radiopresidenteibanez.cl\/web\/wp-json\/wp\/v2\/tags?post=14716"}],"curies":[{"name":"wp","href":"https:\/\/api.w.org\/{rel}","templated":true}]}}