{"id":14712,"date":"2020-09-12T15:26:45","date_gmt":"2020-09-12T15:26:45","guid":{"rendered":"https:\/\/www.radiopresidenteibanez.cl\/web\/?p=14712"},"modified":"2020-09-12T15:26:50","modified_gmt":"2020-09-12T15:26:50","slug":"multigremial-de-magallanes-sostuvo-encuentro-con-directivos-de-banco-estado-para-abordar-financiamiento-de-mipymes","status":"publish","type":"post","link":"https:\/\/www.radiopresidenteibanez.cl\/web\/multigremial-de-magallanes-sostuvo-encuentro-con-directivos-de-banco-estado-para-abordar-financiamiento-de-mipymes\/","title":{"rendered":"MULTIGREMIAL DE MAGALLANES SOSTUVO ENCUENTRO CON DIRECTIVOS DE BANCO ESTADO PARA ABORDAR FINANCIAMIENTO DE MIPYMES"},"content":{"rendered":"\n<p>Con la participaci\u00f3n de altos ejecutivos nacionales\ny regionales de Banco Estado, este viernes se realiz\u00f3 la primera reuni\u00f3n de\ntrabajo entre la entidad financiera y la reci\u00e9n creada Multigremial de\nMagallanes. El encuentro fue desarrollado v\u00eda telem\u00e1tica y estuvo enmarcado en\nla alianza de cooperaci\u00f3n con la Multigremial Nacional para apoyar a las\nMipymes del pa\u00eds.<\/p>\n\n\n\n<p>La reuni\u00f3n fue encabezada por Soledad Ovando,\ngerente general de Microempresas de Banco Estado, quien aclar\u00f3 que la instancia\n\u201ctiene como principal objetivo conocer a los gremios y luego explicarles en qu\u00e9\nestamos como banco y qu\u00e9 estamos haciendo para apoyarlos. Adem\u00e1s, de presentarles\nnuestro equipo regional y as\u00ed facilitar los procesos de comunicaci\u00f3n de ambas\npartes\u201d, subray\u00f3.<\/p>\n\n\n\n<p>Por su parte, Alejandro Riquelme, presidente de la\nMutigremial de Magallanes, agradeci\u00f3 la oportunidad y se\u00f1al\u00f3 que \u201ccreemos que\neste es un buen comienzo para resolver dudas de nuestros asociados y coordinar\nuna comunicaci\u00f3n m\u00e1s expedita y directa entre Banco Estado y los rubros a los\ncuales representamos, adem\u00e1s de&nbsp; poder\nresolver los problemas que poseen, especialmente en las evaluaciones del FOGAPE\na nivel regional\u201d, dijo.<\/p>\n\n\n\n<p>Al finalizar la reuni\u00f3n, N\u00e9stor Tarbes, agente de\nBanco Estado de Punta Arenas, se comprometi\u00f3 a realizar&nbsp; un encuentro exclusivo para la&nbsp; Multigremial de Magallanes, con el objeto\nde&nbsp; resolver las dudas de acceso al\ncr\u00e9dito&nbsp; FOGAPE a todos los socios de la\nde esta reci\u00e9n conformada asociaci\u00f3n.<\/p>\n\n\n\n<p><strong>Por parte de\nBanco Estado, participaron<\/strong>: Soledad\nOvando, Gerente General de Microempresas; Omar Larach, subgerente nacional de\nSegmentos; Katherine O&#8217;Brien Araya, Encargada de Calidad de servicios y\ncomunicaciones; Edwards Sebasti\u00e1n, Jefe zonal de Riesgo de Peque\u00f1a Empresa;\nMarcos Anabal\u00f3n, Jefe de Plataformas Peque\u00f1as Empresas de Magallanes; Mois\u00e9s\nMedel, Jefe Plataformas Medianas Empresas Magallanes y N\u00e9stor Tarbes, Agente de\nBanco Estado de Punta Arenas.<\/p>\n\n\n\n<p><strong>Por parte de\nla Multigremial de Magallanes asistieron<\/strong>: Alejandro Riquelme Ducci, presidente Multigremial\nde Magallanes; Lilian Riquelme presidenta de Asociaci\u00f3n Gremial de Alojamiento\nTur\u00edsticos de la Patagonia (ASATUR A.G); Maurice Van de Maele, presidente de\nC\u00e1mara de Turismo de Cabo de Hornos y Rafael Gonz\u00e1lez, Presidente de AGIPA A.G.<\/p>\n","protected":false},"excerpt":{"rendered":"<p>Con la participaci\u00f3n de altos ejecutivos nacionales y regionales de Banco Estado, este viernes se realiz\u00f3 la primera reuni\u00f3n de trabajo entre la entidad financiera y la reci\u00e9n creada Multigremial&#8230; <a class=\"read-more\" href=\"https:\/\/www.radiopresidenteibanez.cl\/web\/multigremial-de-magallanes-sostuvo-encuentro-con-directivos-de-banco-estado-para-abordar-financiamiento-de-mipymes\/\">Leer m\u00e1s<\/a><\/p>\n","protected":false},"author":2,"featured_media":14713,"comment_status":"closed","ping_status":"closed","sticky":false,"template":"","format":"standard","meta":{"footnotes":""},"categories":[1],"tags":[],"class_list":["post-14712","post","type-post","status-publish","format-standard","has-post-thumbnail","hentry","category-cronica"],"_links":{"self":[{"href":"https:\/\/www.radiopresidenteibanez.cl\/web\/wp-json\/wp\/v2\/posts\/14712","targetHints":{"allow":["GET"]}}],"collection":[{"href":"https:\/\/www.radiopresidenteibanez.cl\/web\/wp-json\/wp\/v2\/posts"}],"about":[{"href":"https:\/\/www.radiopresidenteibanez.cl\/web\/wp-json\/wp\/v2\/types\/post"}],"author":[{"embeddable":true,"href":"https:\/\/www.radiopresidenteibanez.cl\/web\/wp-json\/wp\/v2\/users\/2"}],"replies":[{"embeddable":true,"href":"https:\/\/www.radiopresidenteibanez.cl\/web\/wp-json\/wp\/v2\/comments?post=14712"}],"version-history":[{"count":0,"href":"https:\/\/www.radiopresidenteibanez.cl\/web\/wp-json\/wp\/v2\/posts\/14712\/revisions"}],"wp:featuredmedia":[{"embeddable":true,"href":"https:\/\/www.radiopresidenteibanez.cl\/web\/wp-json\/wp\/v2\/media\/14713"}],"wp:attachment":[{"href":"https:\/\/www.radiopresidenteibanez.cl\/web\/wp-json\/wp\/v2\/media?parent=14712"}],"wp:term":[{"taxonomy":"category","embeddable":true,"href":"https:\/\/www.radiopresidenteibanez.cl\/web\/wp-json\/wp\/v2\/categories?post=14712"},{"taxonomy":"post_tag","embeddable":true,"href":"https:\/\/www.radiopresidenteibanez.cl\/web\/wp-json\/wp\/v2\/tags?post=14712"}],"curies":[{"name":"wp","href":"https:\/\/api.w.org\/{rel}","templated":true}]}}