{"id":14698,"date":"2020-09-11T16:13:21","date_gmt":"2020-09-11T16:13:21","guid":{"rendered":"https:\/\/www.radiopresidenteibanez.cl\/web\/?p=14698"},"modified":"2020-09-11T16:13:26","modified_gmt":"2020-09-11T16:13:26","slug":"intendente-de-magallanes-junto-a-gabinete-se-encuentran-en-cuarentena-preventiva-a-la-espera-de-su-examen-pcr","status":"publish","type":"post","link":"https:\/\/www.radiopresidenteibanez.cl\/web\/intendente-de-magallanes-junto-a-gabinete-se-encuentran-en-cuarentena-preventiva-a-la-espera-de-su-examen-pcr\/","title":{"rendered":"INTENDENTE DE MAGALLANES JUNTO A GABINETE SE ENCUENTRAN EN CUARENTENA PREVENTIVA A LA ESPERA DE SU EXAMEN PCR"},"content":{"rendered":"\n<p>La m\u00e1xima autoridad regional, Jos\u00e9 Fern\u00e1ndez, junto a su\ngabinete m\u00e1s cercano compuesto por cinco funcionarios, desde este viernes, 11 de\nseptiembre, se encuentran en cuarentena preventiva a la espera del resultado de\nsu examen PCR.<\/p>\n\n\n\n<p>Lo anterior, debido a que uno de sus colaboradores es contacto estrecho de una persona que dio positivo a Coronavirus Covid-19, cabe mencionar, que la primera autoridad junto a su equipo se encuentra realizando actividades desde sus hogares por medio de teletrabajo.<\/p>\n\n\n\n<p>CHH.<\/p>\n","protected":false},"excerpt":{"rendered":"<p>La m\u00e1xima autoridad regional, Jos\u00e9 Fern\u00e1ndez, junto a su gabinete m\u00e1s cercano compuesto por cinco funcionarios, desde este viernes, 11 de septiembre, se encuentran en cuarentena preventiva a la espera&#8230; <a class=\"read-more\" href=\"https:\/\/www.radiopresidenteibanez.cl\/web\/intendente-de-magallanes-junto-a-gabinete-se-encuentran-en-cuarentena-preventiva-a-la-espera-de-su-examen-pcr\/\">Leer m\u00e1s<\/a><\/p>\n","protected":false},"author":2,"featured_media":12026,"comment_status":"closed","ping_status":"closed","sticky":false,"template":"","format":"standard","meta":{"footnotes":""},"categories":[1],"tags":[],"class_list":["post-14698","post","type-post","status-publish","format-standard","has-post-thumbnail","hentry","category-cronica"],"_links":{"self":[{"href":"https:\/\/www.radiopresidenteibanez.cl\/web\/wp-json\/wp\/v2\/posts\/14698","targetHints":{"allow":["GET"]}}],"collection":[{"href":"https:\/\/www.radiopresidenteibanez.cl\/web\/wp-json\/wp\/v2\/posts"}],"about":[{"href":"https:\/\/www.radiopresidenteibanez.cl\/web\/wp-json\/wp\/v2\/types\/post"}],"author":[{"embeddable":true,"href":"https:\/\/www.radiopresidenteibanez.cl\/web\/wp-json\/wp\/v2\/users\/2"}],"replies":[{"embeddable":true,"href":"https:\/\/www.radiopresidenteibanez.cl\/web\/wp-json\/wp\/v2\/comments?post=14698"}],"version-history":[{"count":0,"href":"https:\/\/www.radiopresidenteibanez.cl\/web\/wp-json\/wp\/v2\/posts\/14698\/revisions"}],"wp:featuredmedia":[{"embeddable":true,"href":"https:\/\/www.radiopresidenteibanez.cl\/web\/wp-json\/wp\/v2\/media\/12026"}],"wp:attachment":[{"href":"https:\/\/www.radiopresidenteibanez.cl\/web\/wp-json\/wp\/v2\/media?parent=14698"}],"wp:term":[{"taxonomy":"category","embeddable":true,"href":"https:\/\/www.radiopresidenteibanez.cl\/web\/wp-json\/wp\/v2\/categories?post=14698"},{"taxonomy":"post_tag","embeddable":true,"href":"https:\/\/www.radiopresidenteibanez.cl\/web\/wp-json\/wp\/v2\/tags?post=14698"}],"curies":[{"name":"wp","href":"https:\/\/api.w.org\/{rel}","templated":true}]}}