{"id":14692,"date":"2020-09-11T16:04:42","date_gmt":"2020-09-11T16:04:42","guid":{"rendered":"https:\/\/www.radiopresidenteibanez.cl\/web\/?p=14692"},"modified":"2020-09-11T16:04:47","modified_gmt":"2020-09-11T16:04:47","slug":"navimag-presento-nuevo-ferry-esperanza","status":"publish","type":"post","link":"https:\/\/www.radiopresidenteibanez.cl\/web\/navimag-presento-nuevo-ferry-esperanza\/","title":{"rendered":"NAVIMAG PRESENT\u00d3 NUEVO FERRY \u00abESPERANZA\u00bb"},"content":{"rendered":"\n<p>El Lunes 7 de septiembre arrib\u00f3 a Puerto Montt\nel nuevo Ferry ESPERANZA, la nave fue dise\u00f1ada en Canad\u00e1 y construida en Asia por\nencargo de NAVIMAG, ideada especialmente para navegar por los fiordos australes\nde nuestro pa\u00eds. <\/p>\n\n\n\n<p>La nave cuenta con una eslora (largo) de 150\nmetros, manga (ancho) de 23 metros y signific\u00f3 una importante inversi\u00f3n de 30\nmillones de d\u00f3lares. Tiene capacidad para 5 mil toneladas de carga,\nequivalentes a 1.800 metros lineales de veh\u00edculos rodados y 244 pasajeros a\nbordo. El Ferry logra desarrollar una velocidad crucero de 13 nudos, lo que le\npermitir\u00e1 conectar Puerto Montt y Puerto Natales en la Regi\u00f3n de Magallanes en\n63 horas de navegaci\u00f3n. <\/p>\n\n\n\n<p>C\u00e9sar Barrera, Gerente General de Navimag,\ncoment\u00f3 \u201cEsta es una muy buena noticia no solo para el equipo de NAVIMAG, sino\nque tambi\u00e9n para toda la comunidad de la Regi\u00f3n de Magallanes, ya que, por\nprimera vez en nuestros m\u00e1s de 40 a\u00f1os de historia, estamos incorporando un\nbarco nuevo a la ruta, que adem\u00e1s cuenta con la m\u00e1s moderna tecnolog\u00eda y sistemas\nde seguridad de punta.\u201d <\/p>\n\n\n\n<p>En t\u00e9rminos de seguridad, las naves de Navimag\nFerries operan bajo los est\u00e1ndares del International Safety Management (ISM), y\nel convenio SOLAS (Safety of Life at Sea), cuyo principal objetivo es\nespecificar normas de construcci\u00f3n, equipamiento y explotaci\u00f3n de buques para\ngarantizar su seguridad y la de las personas embarcadas. <\/p>\n\n\n\n<p>En l\u00ednea con lo anterior, Barrera agreg\u00f3, \u201cAdicional\na todas las certificaciones vigentes, el buque cumple con la nueva regulaci\u00f3n\nde regreso seguro a puerto, (Safe Return to Port), cuyo objetivo principal es que,\nen el caso de ocurrir un siniestro, todos los sistemas esenciales se mantengan operativos\ndespu\u00e9s del evento y el buque pueda navegar a un puerto seguro por sus propios\nmedios\u201d. <\/p>\n\n\n\n<p>Algunas de las caracter\u00edsticas de la nueva\nregulaci\u00f3n incluyen que el barco posee una r\u00e9plica del puente de mando, sala de\nreuni\u00f3n de seguridad para el total de los pasajeros a bordo, salas de motores\nestancas independientes entre ellas, 3 botes de rescate, as\u00ed como tambi\u00e9n balsas\ny salvavidas para 730 personas (el doble de su capacidad m\u00e1xima).<\/p>\n\n\n\n<p>NAVIMAG dispone de buques tipo ferry, es\ndecir, naves de carga adaptadas para el transporte de pasajeros, camiones,\nramplas de carga, autom\u00f3viles, camionetas, carros de camping, motos y\nbicicletas, adem\u00e1s de carga general. <\/p>\n\n\n\n<p>Francisco Garay, Director Comercial de\nNavimag, indic\u00f3 \u201cEl nuevo Ferry ESPERANZA nos permitir\u00e1 fortalecer el\ncompromiso con nuestros clientes, aumentando nuestra oferta de metros lineales\na Magallanes en un 30%, lo que equivale aproximadamente a 55 camiones m\u00e1s que\npodremos movilizar a la semana en ambos sentidos de la ruta. Adem\u00e1s, dada la\nmayor capacidad de carga, reforzaremos nuestro servicio flexible a la industria\nacu\u00edcola, que permite movilizar lotes parcializados de carga en nuestras dos\nfrecuencias semanales a Magallanes\u201d. <\/p>\n\n\n\n<p>Con respecto a los servicios a bordo para\npasajeros, Garay coment\u00f3, \u201cSi bien dada la situaci\u00f3n actual de pandemia en la\nque nos encontramos hemos decidido suspender temporalmente nuestro servicio de\npasajeros, para enfocarnos exclusivamente en satisfacer las necesidades de\ntransporte de carga para abastecer la regi\u00f3n de Magallanes, es importante\ndestacar que el nuevo Ferry cuenta con cafeter\u00eda, comedor, sala de actividades,\nenfermer\u00eda, 3 decks exteriores, ascensor y una cabina para personas en\nsituaci\u00f3n de discapacidad, lo que sin duda ser\u00e1 un gran complemento a la\nexperiencia de viaje de nuestros pasajeros una vez reanudemos el servicio de\nturismo\u201d.<\/p>\n\n\n\n<p>Para garantizar la operaci\u00f3n, fue necesario\nejecutar, en conjunto con la Empresa Portuaria Austral, una serie de\nintervenciones en el muelle de Puerto Natales desde el punto de vista t\u00e9cnico y\nde infraestructura, como la construcci\u00f3n de una bita de amarre y reemplazar las\ndefensas de los duques de alba.<\/p>\n\n\n\n<p>Esta importante inversi\u00f3n, cuyo nombre hace\nalusi\u00f3n a la Provincia de \u00daltima Esperanza, se suma al reciente arribo del RORO\nDALKA en octubre de 2019, reafirmando el compromiso de NAVIMAG con las regiones\nde Los Lagos, Ays\u00e9n y Magallanes, modernizando su flota y ampliando la oferta\nde capacidad en l\u00ednea con la demanda de la macrorregi\u00f3n y proyectarse a futuro\nen su crecimiento y desarrollo. <\/p>\n","protected":false},"excerpt":{"rendered":"<p>El Lunes 7 de septiembre arrib\u00f3 a Puerto Montt el nuevo Ferry ESPERANZA, la nave fue dise\u00f1ada en Canad\u00e1 y construida en Asia por encargo de NAVIMAG, ideada especialmente para&#8230; <a class=\"read-more\" href=\"https:\/\/www.radiopresidenteibanez.cl\/web\/navimag-presento-nuevo-ferry-esperanza\/\">Leer m\u00e1s<\/a><\/p>\n","protected":false},"author":2,"featured_media":14693,"comment_status":"closed","ping_status":"closed","sticky":false,"template":"","format":"standard","meta":{"footnotes":""},"categories":[1],"tags":[],"class_list":["post-14692","post","type-post","status-publish","format-standard","has-post-thumbnail","hentry","category-cronica"],"_links":{"self":[{"href":"https:\/\/www.radiopresidenteibanez.cl\/web\/wp-json\/wp\/v2\/posts\/14692","targetHints":{"allow":["GET"]}}],"collection":[{"href":"https:\/\/www.radiopresidenteibanez.cl\/web\/wp-json\/wp\/v2\/posts"}],"about":[{"href":"https:\/\/www.radiopresidenteibanez.cl\/web\/wp-json\/wp\/v2\/types\/post"}],"author":[{"embeddable":true,"href":"https:\/\/www.radiopresidenteibanez.cl\/web\/wp-json\/wp\/v2\/users\/2"}],"replies":[{"embeddable":true,"href":"https:\/\/www.radiopresidenteibanez.cl\/web\/wp-json\/wp\/v2\/comments?post=14692"}],"version-history":[{"count":0,"href":"https:\/\/www.radiopresidenteibanez.cl\/web\/wp-json\/wp\/v2\/posts\/14692\/revisions"}],"wp:featuredmedia":[{"embeddable":true,"href":"https:\/\/www.radiopresidenteibanez.cl\/web\/wp-json\/wp\/v2\/media\/14693"}],"wp:attachment":[{"href":"https:\/\/www.radiopresidenteibanez.cl\/web\/wp-json\/wp\/v2\/media?parent=14692"}],"wp:term":[{"taxonomy":"category","embeddable":true,"href":"https:\/\/www.radiopresidenteibanez.cl\/web\/wp-json\/wp\/v2\/categories?post=14692"},{"taxonomy":"post_tag","embeddable":true,"href":"https:\/\/www.radiopresidenteibanez.cl\/web\/wp-json\/wp\/v2\/tags?post=14692"}],"curies":[{"name":"wp","href":"https:\/\/api.w.org\/{rel}","templated":true}]}}