{"id":1469,"date":"2019-02-15T18:08:14","date_gmt":"2019-02-15T18:08:14","guid":{"rendered":"http:\/\/www.radiopresidenteibanez.cl\/web\/?p=1469"},"modified":"2019-02-15T18:08:22","modified_gmt":"2019-02-15T18:08:22","slug":"director-nacional-s-de-conadi-visito-punta-arenas-y-anuncio-un-ano-dedicado-a-la-lengua-y-cultura-de-los-pueblos-indigenas","status":"publish","type":"post","link":"https:\/\/www.radiopresidenteibanez.cl\/web\/director-nacional-s-de-conadi-visito-punta-arenas-y-anuncio-un-ano-dedicado-a-la-lengua-y-cultura-de-los-pueblos-indigenas\/","title":{"rendered":"DIRECTOR NACIONAL (S) DE CONADI VISIT\u00d3 PUNTA ARENAS Y ANUNCI\u00d3 UN A\u00d1O DEDICADO A LA LENGUA Y CULTURA DE LOS PUEBLOS IND\u00cdGENAS"},"content":{"rendered":"\n<p>La agenda se inici\u00f3 con una visita a la Oficina de Asuntos Ind\u00edgenas de CONADI en Punta Arenas, ubicadas en O&#8217;Higgins 631, donde comparti\u00f3 con los funcionarios de la instituci\u00f3n los principales lineamientos de la instituci\u00f3n para este a\u00f1o, actividad en la que estuvo acompa\u00f1ado por la jefa de oficina, Carolina Avenda\u00f1o Hille.<\/p>\n\n\n\n<p>\u00abEstamos haciendo una gira por las diferentes oficinas de CONADI y comenzamos por Punta Arenas para darle el realce que merece y entregar los lineamientos para trabajar este a\u00f1o 2019, en que nos esperan grandes desaf\u00edos para cumplir con nuestros objetivos y nuestras metas\u00bb, se\u00f1al\u00f3 el Director Nacional (s) Fernando S\u00e1enz, agregando que \u00abentre los hitos m\u00e1s importantes debemos considerar que este es el a\u00f1o internacional de las lenguas ind\u00edgenas, por lo que ser\u00e1 un a\u00f1o especialmente dedicado a la cultura\u00bb.<\/p>\n\n\n\n<p>Posteriormente, S\u00e1enz se reuni\u00f3 con el Intendente de Magallanes, Jos\u00e9 Fern\u00e1ndez D\u00fcbrock, y con el alcalde de Punta Arenas, Claudio Radonich, para concluir la visita a las autoridades con una reuni\u00f3n en que comparti\u00f3 con la Seremi de Desarrollo Social de Magallanes, Liz Casanueva.<\/p>\n\n\n\n<p>\u00abHa sido muy provechoso que el Director Nacional de CONADI haya podido acercarse a nuestra regi\u00f3n, sabemos que es parte de su agenda visitar las oficinas de la instituci\u00f3n en el pa\u00eds, y eso es el fiel reflejo de lo que nos ha mandatado nuestro Presidente, Sebasti\u00e1n Pi\u00f1era, de estar en todos los sectores, estar en terreno, cercanos a la gente, por lo que esta reuni\u00f3n que hemos tenido demuestra la preocupaci\u00f3n por los pueblos originarios, analizando las necesidades m\u00e1s urgentes y otras a largo plazo\u00bb, se\u00f1al\u00f3 Liz Casanueva, Seremi de Desarrollo Social de Magallanes.<\/p>\n\n\n\n<p><strong>A\u00f1o Internacional de las Lenguas Ind\u00edgenas<\/strong><\/p>\n\n\n\n<p>Considerando que este 2019 se ha declarado A\u00f1o Internacional de las Lenguas Ind\u00edgenas por la UNESCO, la oficina de CONADI en Punta Arenas pondr\u00e1 especial \u00e9nfasis en trabajar en la revitalizaci\u00f3n de la lengua, especialmente de los pueblos originarios (Kaw\u00e9sqar y Yag\u00e1n), y tambi\u00e9n de Talleres de Lengua Mapuche Huilliche (considerando la presencia de m\u00e1s de 35 mil personas mapuche que viven en Magallanes), adem\u00e1s de la contrataci\u00f3n de Educadoras de Lengua y Cultura Ind\u00edgena (ELCIS), y la creaci\u00f3n de un Nido Ling\u00fc\u00edstico con la Comunidad Yag\u00e1n (experiencia realizada anteriormente por CONADI en Rapa Nui).<\/p>\n\n\n\n<p>Asimismo, se debe mencionar la pol\u00edtica institucional de trabajar con puertas abiertas, mejorando la cercan\u00eda con los usuarios, atendiendo sus demandas, y dando respuesta a sus solicitudes, adem\u00e1s de dar \u00e9nfasis al trabajo en terreno para poder visibilizar in situ las mayores necesidades.<\/p>\n","protected":false},"excerpt":{"rendered":"<p>La agenda se inici\u00f3 con una visita a la Oficina de Asuntos Ind\u00edgenas de CONADI en Punta Arenas, ubicadas en O&#8217;Higgins 631, donde comparti\u00f3 con los funcionarios de la instituci\u00f3n&#8230; <a class=\"read-more\" href=\"https:\/\/www.radiopresidenteibanez.cl\/web\/director-nacional-s-de-conadi-visito-punta-arenas-y-anuncio-un-ano-dedicado-a-la-lengua-y-cultura-de-los-pueblos-indigenas\/\">Leer m\u00e1s<\/a><\/p>\n","protected":false},"author":2,"featured_media":1470,"comment_status":"closed","ping_status":"closed","sticky":false,"template":"","format":"standard","meta":{"footnotes":""},"categories":[1],"tags":[],"class_list":["post-1469","post","type-post","status-publish","format-standard","has-post-thumbnail","hentry","category-cronica"],"_links":{"self":[{"href":"https:\/\/www.radiopresidenteibanez.cl\/web\/wp-json\/wp\/v2\/posts\/1469","targetHints":{"allow":["GET"]}}],"collection":[{"href":"https:\/\/www.radiopresidenteibanez.cl\/web\/wp-json\/wp\/v2\/posts"}],"about":[{"href":"https:\/\/www.radiopresidenteibanez.cl\/web\/wp-json\/wp\/v2\/types\/post"}],"author":[{"embeddable":true,"href":"https:\/\/www.radiopresidenteibanez.cl\/web\/wp-json\/wp\/v2\/users\/2"}],"replies":[{"embeddable":true,"href":"https:\/\/www.radiopresidenteibanez.cl\/web\/wp-json\/wp\/v2\/comments?post=1469"}],"version-history":[{"count":0,"href":"https:\/\/www.radiopresidenteibanez.cl\/web\/wp-json\/wp\/v2\/posts\/1469\/revisions"}],"wp:featuredmedia":[{"embeddable":true,"href":"https:\/\/www.radiopresidenteibanez.cl\/web\/wp-json\/wp\/v2\/media\/1470"}],"wp:attachment":[{"href":"https:\/\/www.radiopresidenteibanez.cl\/web\/wp-json\/wp\/v2\/media?parent=1469"}],"wp:term":[{"taxonomy":"category","embeddable":true,"href":"https:\/\/www.radiopresidenteibanez.cl\/web\/wp-json\/wp\/v2\/categories?post=1469"},{"taxonomy":"post_tag","embeddable":true,"href":"https:\/\/www.radiopresidenteibanez.cl\/web\/wp-json\/wp\/v2\/tags?post=1469"}],"curies":[{"name":"wp","href":"https:\/\/api.w.org\/{rel}","templated":true}]}}