{"id":14681,"date":"2020-09-10T17:38:02","date_gmt":"2020-09-10T17:38:02","guid":{"rendered":"https:\/\/www.radiopresidenteibanez.cl\/web\/?p=14681"},"modified":"2020-09-10T17:38:07","modified_gmt":"2020-09-10T17:38:07","slug":"multigremial-de-magallanes-se-constituye-oficialmente-y-elige-a-nueva-directiva","status":"publish","type":"post","link":"https:\/\/www.radiopresidenteibanez.cl\/web\/multigremial-de-magallanes-se-constituye-oficialmente-y-elige-a-nueva-directiva\/","title":{"rendered":"MULTIGREMIAL DE MAGALLANES SE CONSTITUYE OFICIALMENTE Y ELIGE A NUEVA DIRECTIVA"},"content":{"rendered":"\n<p>Con la participaci\u00f3n\ndel presidente de la Multigremial Nacional, Juan Pablo Swett y de representantes\nde los distintos gremios que la componen, este martes se constituy\u00f3\noficialmente la Multigremial de Magallanes con la elecci\u00f3n de una directiva que\nser\u00e1 encabezada por Alejandro Riquelme.<\/p>\n\n\n\n<p>En la oportunidad, el\nnuevo presidente manifest\u00f3 que la oficializaci\u00f3n de la Multigremial Magallanes\n\u201cviene a llenar un vac\u00edo y un anhelo de reunir a todas las asociaciones\ngremiales de la regi\u00f3n que quieran trabajar por objetivos macro y en pos del\ndesarrollo de Magallanes, los emprendedores, las empresas y los sectores que\nrepresenta. Es una invitaci\u00f3n abierta a que las asociaciones gremiales\nconstituidas se sumen a las sinergias, que significa abordar temas como un\ngrupo, tanto a nivel regional como nacional y no por separado. Por ello la decisi\u00f3n\nfue obvia, sumarnos a una organizaci\u00f3n nacional, seria y de reconocida\ntrayectoria como la Multigremial Nacional\u201d, dijo.<\/p>\n\n\n\n<p>En ese sentido, el\nl\u00edder gremial ahond\u00f3 las pr\u00f3ximas acciones que realizar\u00e1 la asociaci\u00f3n. \u201cLo\nprimero ser\u00e1 la constituci\u00f3n legal y adem\u00e1s abordar de manera urgente las\nnecesidades de los emprendedores y sectores econ\u00f3micos m\u00e1s afectados. Para ello\ndebemos trabajar con las directivas de las asociaciones gremiales los temas de\ncorto y mediano plazo que trabajaremos. Hoy por ejemplo tenemos decisiones\ntomadas en forma unilateral por las autoridades, sin mediar&nbsp; di\u00e1logo y sin considerar el efecto que ellas\npuedan causar sobre la actividad econ\u00f3mica y nuestros asociados\u201d, aclar\u00f3.<\/p>\n\n\n\n<p>Adem\u00e1s, Riquelme plante\u00f3\nqu\u00e9 espera de parte de las autoridades para la reactivaci\u00f3n econ\u00f3mica de la\nregi\u00f3n. \u201cConsideramos que las medidas deben ser fruto de un di\u00e1logo entre los\nsectores productivos, la banca y el estado, y debemos m\u00e1s que nunca buscar los\nequilibrios entre medidas sanitarias y reactivaci\u00f3n. Creemos que se debe\ndeclarar un estado de excepci\u00f3n econ\u00f3mica, aumentando y mejorando el actual\nFOGAPE, entregar medidas temporales de excepci\u00f3n tributaria efectivas para las\nPYMES y achicar el Estado. De otra forma es muy dif\u00edcil que sectores como el\nComercio o el Turismo, que son los m\u00e1s afectados y con menos alternativas hoy,\nse vuelvan a levantar en el mediano\nplazo\u201d, subray\u00f3.<\/p>\n\n\n\n<p>Finalmente, Juan Pablo Swett, presidente de la Multigremial\nNacional, celebr\u00f3 la constituci\u00f3n de esta asociaci\u00f3n y entreg\u00f3 un mensaje:\n\u201cEsperamos que esta multigremial permita visibilizar las problem\u00e1ticas\ngremiales locales hacia las autoridades, con el fin de impulsar mejores\npol\u00edticas p\u00fablicas que beneficien a miles de micro, peque\u00f1as y medianas\nempresas\u201d.<\/p>\n\n\n\n<p><strong>Composici\u00f3n<\/strong><\/p>\n\n\n\n<p>La Multigremial de Magallanes est\u00e1 compuesta por 5\ngremios productivos: la Asociaci\u00f3n de Transportistas de Magallanes, la Asociaci\u00f3n\nGremial de Alojamiento Tur\u00edsticos de la Patagonia (ASATUR A.G), la Asociaci\u00f3n\nGremial de Operadores Gastron\u00f3micos de Punta Arenas, la C\u00e1mara de Turismo Cabo\nde Hornos y la Asociaci\u00f3n de Gu\u00edas de Pesca de la Patagonia (AGIPA).<\/p>\n","protected":false},"excerpt":{"rendered":"<p>Con la participaci\u00f3n del presidente de la Multigremial Nacional, Juan Pablo Swett y de representantes de los distintos gremios que la componen, este martes se constituy\u00f3 oficialmente la Multigremial de&#8230; <a class=\"read-more\" href=\"https:\/\/www.radiopresidenteibanez.cl\/web\/multigremial-de-magallanes-se-constituye-oficialmente-y-elige-a-nueva-directiva\/\">Leer m\u00e1s<\/a><\/p>\n","protected":false},"author":2,"featured_media":14682,"comment_status":"closed","ping_status":"closed","sticky":false,"template":"","format":"standard","meta":{"footnotes":""},"categories":[1],"tags":[],"class_list":["post-14681","post","type-post","status-publish","format-standard","has-post-thumbnail","hentry","category-cronica"],"_links":{"self":[{"href":"https:\/\/www.radiopresidenteibanez.cl\/web\/wp-json\/wp\/v2\/posts\/14681","targetHints":{"allow":["GET"]}}],"collection":[{"href":"https:\/\/www.radiopresidenteibanez.cl\/web\/wp-json\/wp\/v2\/posts"}],"about":[{"href":"https:\/\/www.radiopresidenteibanez.cl\/web\/wp-json\/wp\/v2\/types\/post"}],"author":[{"embeddable":true,"href":"https:\/\/www.radiopresidenteibanez.cl\/web\/wp-json\/wp\/v2\/users\/2"}],"replies":[{"embeddable":true,"href":"https:\/\/www.radiopresidenteibanez.cl\/web\/wp-json\/wp\/v2\/comments?post=14681"}],"version-history":[{"count":0,"href":"https:\/\/www.radiopresidenteibanez.cl\/web\/wp-json\/wp\/v2\/posts\/14681\/revisions"}],"wp:featuredmedia":[{"embeddable":true,"href":"https:\/\/www.radiopresidenteibanez.cl\/web\/wp-json\/wp\/v2\/media\/14682"}],"wp:attachment":[{"href":"https:\/\/www.radiopresidenteibanez.cl\/web\/wp-json\/wp\/v2\/media?parent=14681"}],"wp:term":[{"taxonomy":"category","embeddable":true,"href":"https:\/\/www.radiopresidenteibanez.cl\/web\/wp-json\/wp\/v2\/categories?post=14681"},{"taxonomy":"post_tag","embeddable":true,"href":"https:\/\/www.radiopresidenteibanez.cl\/web\/wp-json\/wp\/v2\/tags?post=14681"}],"curies":[{"name":"wp","href":"https:\/\/api.w.org\/{rel}","templated":true}]}}