{"id":14679,"date":"2020-09-10T17:22:18","date_gmt":"2020-09-10T17:22:18","guid":{"rendered":"https:\/\/www.radiopresidenteibanez.cl\/web\/?p=14679"},"modified":"2020-09-10T17:22:22","modified_gmt":"2020-09-10T17:22:22","slug":"ante-el-plebiscito-fondearse-no-es-opcion-por-pablo-bussenius-abogado-constitucionalista","status":"publish","type":"post","link":"https:\/\/www.radiopresidenteibanez.cl\/web\/ante-el-plebiscito-fondearse-no-es-opcion-por-pablo-bussenius-abogado-constitucionalista\/","title":{"rendered":"ANTE EL PLEBISCITO, \u201cFONDEARSE\u201d NO ES OPCI\u00d3N\u2026!!! Por Pablo Bussenius, abogado constitucionalista"},"content":{"rendered":"\n<p>Tras el estallido social&nbsp;de octubre,&nbsp;pandemia incluida, los alcaldes&nbsp;y\nalcaldesas,&nbsp;independientemente&nbsp;de su color&nbsp;pol\u00edtico, han\nvenido asumiendo un rol cada vez m\u00e1s&nbsp;proactivo y&nbsp;protag\u00f3nico.&nbsp;<\/p>\n\n\n\n<p>Para ello mucho ha\ncontribuido el&nbsp;d\u00e9ficit pol\u00edtico y la ineptitud del gobierno, pero\ntambi\u00e9n,&nbsp;la&nbsp;indudable&nbsp;mayor sinton\u00eda y conexi\u00f3n de los ediles\ncon los sentires y padecimientos de la poblaci\u00f3n.<\/p>\n\n\n\n<p>La proximidad con los vecinos\nde manera cotidiana,&nbsp;hace que las autoridades municipales tengan un\nsentido&nbsp;de realidad distinto a otras estructuras del Estado, o al menos\nas\u00ed debiese ser naturalmente.<\/p>\n\n\n\n<p>Ejemplos de ese\nempoderamiento sobran, primero convocando&nbsp;a una consulta ciudadana por una\nNueva Constituci\u00f3n,&nbsp;que&nbsp;sin&nbsp;lugar a&nbsp;dudas contribuy\u00f3&nbsp;a\nque&nbsp;hoy estemos ad portas de un&nbsp;proceso constituyente, luego,\nimpulsando iniciativas en abierta oposici\u00f3n al&nbsp;manejo de la\nPandemia&nbsp;realizado&nbsp;por parte del Gobierno,&nbsp;poniendo fin a las\nclases presenciales en los colegios,&nbsp;cerrando&nbsp;malls, pubs, gimnasios,\nparques y hasta pidiendo el aplazamiento de pagos de cr\u00e9ditos e insumos\nb\u00e1sicos.&nbsp;<\/p>\n\n\n\n<p>De all\u00ed que no cause mayor\nextra\u00f1eza,&nbsp;la postura de alcaldes emblem\u00e1ticos&nbsp;<strong>del oficialismo<\/strong>&nbsp;que\ncontrariamente a la postura mayoritaria de Chile Vamos y&nbsp;a la postura \u201cno\noficial\u201d&nbsp;del Gobierno,&nbsp;se hayan manifestado a favor del&nbsp;<strong>Apruebo<\/strong>&nbsp;a\nuna Nueva Constituci\u00f3n.&nbsp;<\/p>\n\n\n\n<p>Entre otros, est\u00e1n los\nalcaldes&nbsp;<strong>Rodrigo Delgado<\/strong>&nbsp;de Estaci\u00f3n Central,&nbsp;<strong>Joaqu\u00edn\nLav\u00edn<\/strong>&nbsp;de Las Condes,&nbsp;<strong>Germ\u00e1n Codina<\/strong>&nbsp;de Puente\nAlto,&nbsp;<strong>Felipe Alessandri<\/strong>&nbsp;de Santiago, Fernando Paredes de&nbsp;<strong>Puerto\nNatales<\/strong>, Henry Campos de&nbsp;<strong>Talcahuano<\/strong>, Iv\u00e1n Campos de&nbsp;<strong>Melipilla<\/strong>&nbsp;y\nJuan Eduardo Vera de&nbsp;<strong>Castro<\/strong>.&nbsp;&nbsp;&nbsp;Sean todos\nbienvenidos!!!<\/p>\n\n\n\n<p>Este 25 de octubre, el\nmensaje de la ciudadan\u00eda ser\u00e1&nbsp;claro\ny&nbsp;contundente,&nbsp;los&nbsp;cambios y transformaciones&nbsp;son urgentes.\nSi los apoyos&nbsp;a este cambio,&nbsp;obedecen al&nbsp;oportunismo o\nestrategia&nbsp;en&nbsp;algunos&nbsp;de los&nbsp;casos,&nbsp;o&nbsp;por&nbsp;la\nfirme convicci\u00f3n de la necesidad de avanzar hacia&nbsp;una nueva constituci\u00f3n,&nbsp;en\notros,&nbsp;la verdad es que todos son valorados, si&nbsp;lo\nque&nbsp;permiten&nbsp;es generar las&nbsp;transformaciones&nbsp;que tanto\nanhelamos.<\/p>\n\n\n\n<p>Es en todo este\ncontexto&nbsp;,&nbsp;que&nbsp;no deja de llamar la atenci\u00f3n la&nbsp;posici\u00f3n\nadoptada&nbsp;por el actual alcalde de Punta Arenas, Claudio&nbsp;Radonich,\nquien&nbsp;consultado&nbsp;por su postura frente al plebiscito&nbsp;en un\nmedio&nbsp;de comunicaci\u00f3n&nbsp;nacional,&nbsp;afirm\u00f3&nbsp;no tener una\nopci\u00f3n clara al respecto,&nbsp;la que supuestamente&nbsp;definir\u00eda en las\npr\u00f3ximas semanas.<\/p>\n\n\n\n<p>Es decir,&nbsp;a menos de 50\nd\u00edas de realizarse el plebiscito,&nbsp;un&nbsp;momento hist\u00f3rico&nbsp;que\ndefinir\u00e1 si como pa\u00eds nos daremos o no una nueva constituci\u00f3n y, en la\nafirmativa, qui\u00e9nes ser\u00e1n los responsables de llevar adelante dicha\ntarea,&nbsp;resulta&nbsp;incre\u00edble&nbsp;que&nbsp;la primera autoridad\ncomunal,&nbsp;no tenga una opini\u00f3n formada o que peor a\u00fan, no&nbsp;sea capaz de\ntransparentarla.<\/p>\n\n\n\n<p>A los l\u00edderes sean del signo\nque sean,&nbsp;debemos&nbsp;pedirle y exigirle m\u00e1s.&nbsp;\u201cFondearse\u201d no puede\nser&nbsp;una&nbsp;opci\u00f3n, en tiempos que se juegan cosas tan relevantes y\ntrascendentes para el&nbsp;destino y&nbsp;futuro de nuestro pa\u00eds y sus\nhabitantes, como se dice popularmente\u2026 no se puede estar con Dios y con el\ndiablo.<\/p>\n","protected":false},"excerpt":{"rendered":"<p>Tras el estallido social&nbsp;de octubre,&nbsp;pandemia incluida, los alcaldes&nbsp;y alcaldesas,&nbsp;independientemente&nbsp;de su color&nbsp;pol\u00edtico, han venido asumiendo un rol cada vez m\u00e1s&nbsp;proactivo y&nbsp;protag\u00f3nico.&nbsp; Para ello mucho ha contribuido el&nbsp;d\u00e9ficit pol\u00edtico y la ineptitud&#8230; <a class=\"read-more\" href=\"https:\/\/www.radiopresidenteibanez.cl\/web\/ante-el-plebiscito-fondearse-no-es-opcion-por-pablo-bussenius-abogado-constitucionalista\/\">Leer m\u00e1s<\/a><\/p>\n","protected":false},"author":2,"featured_media":14450,"comment_status":"closed","ping_status":"closed","sticky":false,"template":"","format":"standard","meta":{"footnotes":""},"categories":[1],"tags":[],"class_list":["post-14679","post","type-post","status-publish","format-standard","has-post-thumbnail","hentry","category-cronica"],"_links":{"self":[{"href":"https:\/\/www.radiopresidenteibanez.cl\/web\/wp-json\/wp\/v2\/posts\/14679","targetHints":{"allow":["GET"]}}],"collection":[{"href":"https:\/\/www.radiopresidenteibanez.cl\/web\/wp-json\/wp\/v2\/posts"}],"about":[{"href":"https:\/\/www.radiopresidenteibanez.cl\/web\/wp-json\/wp\/v2\/types\/post"}],"author":[{"embeddable":true,"href":"https:\/\/www.radiopresidenteibanez.cl\/web\/wp-json\/wp\/v2\/users\/2"}],"replies":[{"embeddable":true,"href":"https:\/\/www.radiopresidenteibanez.cl\/web\/wp-json\/wp\/v2\/comments?post=14679"}],"version-history":[{"count":0,"href":"https:\/\/www.radiopresidenteibanez.cl\/web\/wp-json\/wp\/v2\/posts\/14679\/revisions"}],"wp:featuredmedia":[{"embeddable":true,"href":"https:\/\/www.radiopresidenteibanez.cl\/web\/wp-json\/wp\/v2\/media\/14450"}],"wp:attachment":[{"href":"https:\/\/www.radiopresidenteibanez.cl\/web\/wp-json\/wp\/v2\/media?parent=14679"}],"wp:term":[{"taxonomy":"category","embeddable":true,"href":"https:\/\/www.radiopresidenteibanez.cl\/web\/wp-json\/wp\/v2\/categories?post=14679"},{"taxonomy":"post_tag","embeddable":true,"href":"https:\/\/www.radiopresidenteibanez.cl\/web\/wp-json\/wp\/v2\/tags?post=14679"}],"curies":[{"name":"wp","href":"https:\/\/api.w.org\/{rel}","templated":true}]}}