{"id":14676,"date":"2020-09-10T15:16:01","date_gmt":"2020-09-10T15:16:01","guid":{"rendered":"https:\/\/www.radiopresidenteibanez.cl\/web\/?p=14676"},"modified":"2020-09-10T15:16:29","modified_gmt":"2020-09-10T15:16:29","slug":"diputada-amar-destaca-y-valora-incorporacion-de-trabajadoras-de-casa-particular-a-seguro-de-cesantia","status":"publish","type":"post","link":"https:\/\/www.radiopresidenteibanez.cl\/web\/diputada-amar-destaca-y-valora-incorporacion-de-trabajadoras-de-casa-particular-a-seguro-de-cesantia\/","title":{"rendered":"DIPUTADA AMAR DESTACA Y VALORA INCORPORACI\u00d3N DE TRABAJADORAS DE CASA PARTICULAR A SEGURO DE CESANT\u00cdA"},"content":{"rendered":"\n<p>Como \u201cun avance\nimportant\u00edsimo en los derechos laborales de las trabajadoras de casas\nparticulares y una deuda pendiente\u201d, calific\u00f3 la diputada, Sandra Amar, la\naprobaci\u00f3n por unanimidad en la C\u00e1mara del proyecto de ley que incorpora a las\ntrabajadoras al seguro de cesant\u00eda. <\/p>\n\n\n\n<p>La iniciativa, explic\u00f3 la parlamentaria por Magallanes, establece\nque para el financiamiento del seguro se redistribuir\u00e1 la actual cotizaci\u00f3n que\npaga el empleador, dividi\u00e9ndola en una para la cuenta individual de\nindemnizaci\u00f3n de la trabajadora y en otra para el fondo de cesant\u00eda, que\npermitir\u00e1 cubrir en parte los ingresos que han dejado de recibir este a\u00f1o.<\/p>\n\n\n\n<p>Junto a lo\nanterior, la legisladora valor\u00f3 que el proyecto \u201cincentiva adem\u00e1s la\ncotizaci\u00f3n, ya que a la fecha y en muchos casos, un n\u00famero no menor de\ntrabajadoras de casas particulares prefer\u00edan no percibir la cotizaci\u00f3n para no\nperder beneficios sociales de sus respectivas municipalidades, terminando as\u00ed\ncon la informalidad\u201d.<\/p>\n\n\n\n<p>\u201cCon esta ley\ndamos un avance en la protecci\u00f3n social de las trabajadoras del hogar, donde\nmuchas probablemente han perdido su empleo a causa de la pandemia, y aumentamos\nsu cobertura en caso de cesant\u00eda, sin perjuicio del Fondo de Indemnizaci\u00f3n, que\nsiguen teniendo\u201d, concluy\u00f3 la diputada Sandra Amar.<\/p>\n","protected":false},"excerpt":{"rendered":"<p>Como \u201cun avance important\u00edsimo en los derechos laborales de las trabajadoras de casas particulares y una deuda pendiente\u201d, calific\u00f3 la diputada, Sandra Amar, la aprobaci\u00f3n por unanimidad en la C\u00e1mara&#8230; <a class=\"read-more\" href=\"https:\/\/www.radiopresidenteibanez.cl\/web\/diputada-amar-destaca-y-valora-incorporacion-de-trabajadoras-de-casa-particular-a-seguro-de-cesantia\/\">Leer m\u00e1s<\/a><\/p>\n","protected":false},"author":2,"featured_media":12256,"comment_status":"closed","ping_status":"closed","sticky":false,"template":"","format":"standard","meta":{"footnotes":""},"categories":[1],"tags":[],"class_list":["post-14676","post","type-post","status-publish","format-standard","has-post-thumbnail","hentry","category-cronica"],"_links":{"self":[{"href":"https:\/\/www.radiopresidenteibanez.cl\/web\/wp-json\/wp\/v2\/posts\/14676","targetHints":{"allow":["GET"]}}],"collection":[{"href":"https:\/\/www.radiopresidenteibanez.cl\/web\/wp-json\/wp\/v2\/posts"}],"about":[{"href":"https:\/\/www.radiopresidenteibanez.cl\/web\/wp-json\/wp\/v2\/types\/post"}],"author":[{"embeddable":true,"href":"https:\/\/www.radiopresidenteibanez.cl\/web\/wp-json\/wp\/v2\/users\/2"}],"replies":[{"embeddable":true,"href":"https:\/\/www.radiopresidenteibanez.cl\/web\/wp-json\/wp\/v2\/comments?post=14676"}],"version-history":[{"count":0,"href":"https:\/\/www.radiopresidenteibanez.cl\/web\/wp-json\/wp\/v2\/posts\/14676\/revisions"}],"wp:featuredmedia":[{"embeddable":true,"href":"https:\/\/www.radiopresidenteibanez.cl\/web\/wp-json\/wp\/v2\/media\/12256"}],"wp:attachment":[{"href":"https:\/\/www.radiopresidenteibanez.cl\/web\/wp-json\/wp\/v2\/media?parent=14676"}],"wp:term":[{"taxonomy":"category","embeddable":true,"href":"https:\/\/www.radiopresidenteibanez.cl\/web\/wp-json\/wp\/v2\/categories?post=14676"},{"taxonomy":"post_tag","embeddable":true,"href":"https:\/\/www.radiopresidenteibanez.cl\/web\/wp-json\/wp\/v2\/tags?post=14676"}],"curies":[{"name":"wp","href":"https:\/\/api.w.org\/{rel}","templated":true}]}}