{"id":14674,"date":"2020-09-10T15:11:24","date_gmt":"2020-09-10T15:11:24","guid":{"rendered":"https:\/\/www.radiopresidenteibanez.cl\/web\/?p=14674"},"modified":"2020-09-10T18:17:00","modified_gmt":"2020-09-10T18:17:00","slug":"servicio-salud-magallanes-informo-la-renuncia-del-director-del-hospital-de-puerto-williams","status":"publish","type":"post","link":"https:\/\/www.radiopresidenteibanez.cl\/web\/servicio-salud-magallanes-informo-la-renuncia-del-director-del-hospital-de-puerto-williams\/","title":{"rendered":"SERVICIO SALUD MAGALLANES INFORM\u00d3 LA RENUNCIA DEL DIRECTOR DEL HOSPITAL DE PUERTO WILLIAMS"},"content":{"rendered":"\n<p>La Direcci\u00f3n del Servicio de Salud\nMagallanes informa que el Sr. Fabi\u00e1n Barrientos Andrade ha presentado a contar\nde hoy, 10 de septiembre, su renuncia voluntaria al cargo de director del\nHospital Comunitario Cristina Calder\u00f3n de Puerto Williams, renuncia que ha sido\naceptada por D. Nelson Reyes Silva, director del Servicio de Salud Magallanes.<\/p>\n\n\n\n<p>Se\u00f1alar que agradecemos el trabajo y\ncompromiso del Sr. Barrientos Andrade, durante el tiempo en que se desempe\u00f1\u00f3\ncomo director del hospital m\u00e1s austral de nuestra Red Asistencial y pa\u00eds,\nperiodo en que lider\u00f3 las acciones de salud durante este periodo de pandemia\npor COVID-19.<\/p>\n\n\n\n<p>Indicar que como Servicio de Salud y Red\nAsistencial, deseamos el mayor de los \u00e9xitos en sus nuevos desaf\u00edos al ex\ndirector D. Fabi\u00e1n Barrientos Andrade.<\/p>\n\n\n\n<p>Adem\u00e1s, informar a la comunidad usuaria\ndel Hospital de Puerto Williams y comunidad magall\u00e1nica que, a contar del d\u00eda se\u00f1alado\nen conformidad al orden de subrogaci\u00f3n del establecimiento y, mientras se\ndesarrolla nuevo concurso p\u00fablico, asume la direcci\u00f3n del establecimiento la trabajadora\nsocial Srta. Andrea G\u00f3mez C\u00e1rcamo, profesional de dilatada trayectoria, que\nanteriormente ostent\u00f3 el cargo de directora del Consultorio de Puerto Williams.<\/p>\n\n\n\n<p>Consignar que la Srta. G\u00f3mez C\u00e1rcamo, contar\u00e1\ncon todo el apoyo y respaldo de esta Direcci\u00f3n de Servicio en su gesti\u00f3n, a fin\nde trabajar mancomunadamente por la atenci\u00f3n de salud de nuestros usuarios\/as\nde la provincia Ant\u00e1rtica.<\/p>\n","protected":false},"excerpt":{"rendered":"<p>La Direcci\u00f3n del Servicio de Salud Magallanes informa que el Sr. Fabi\u00e1n Barrientos Andrade ha presentado a contar de hoy, 10 de septiembre, su renuncia voluntaria al cargo de director&#8230; <a class=\"read-more\" href=\"https:\/\/www.radiopresidenteibanez.cl\/web\/servicio-salud-magallanes-informo-la-renuncia-del-director-del-hospital-de-puerto-williams\/\">Leer m\u00e1s<\/a><\/p>\n","protected":false},"author":2,"featured_media":10365,"comment_status":"closed","ping_status":"closed","sticky":false,"template":"","format":"standard","meta":{"footnotes":""},"categories":[1],"tags":[],"class_list":["post-14674","post","type-post","status-publish","format-standard","has-post-thumbnail","hentry","category-cronica"],"_links":{"self":[{"href":"https:\/\/www.radiopresidenteibanez.cl\/web\/wp-json\/wp\/v2\/posts\/14674","targetHints":{"allow":["GET"]}}],"collection":[{"href":"https:\/\/www.radiopresidenteibanez.cl\/web\/wp-json\/wp\/v2\/posts"}],"about":[{"href":"https:\/\/www.radiopresidenteibanez.cl\/web\/wp-json\/wp\/v2\/types\/post"}],"author":[{"embeddable":true,"href":"https:\/\/www.radiopresidenteibanez.cl\/web\/wp-json\/wp\/v2\/users\/2"}],"replies":[{"embeddable":true,"href":"https:\/\/www.radiopresidenteibanez.cl\/web\/wp-json\/wp\/v2\/comments?post=14674"}],"version-history":[{"count":0,"href":"https:\/\/www.radiopresidenteibanez.cl\/web\/wp-json\/wp\/v2\/posts\/14674\/revisions"}],"wp:featuredmedia":[{"embeddable":true,"href":"https:\/\/www.radiopresidenteibanez.cl\/web\/wp-json\/wp\/v2\/media\/10365"}],"wp:attachment":[{"href":"https:\/\/www.radiopresidenteibanez.cl\/web\/wp-json\/wp\/v2\/media?parent=14674"}],"wp:term":[{"taxonomy":"category","embeddable":true,"href":"https:\/\/www.radiopresidenteibanez.cl\/web\/wp-json\/wp\/v2\/categories?post=14674"},{"taxonomy":"post_tag","embeddable":true,"href":"https:\/\/www.radiopresidenteibanez.cl\/web\/wp-json\/wp\/v2\/tags?post=14674"}],"curies":[{"name":"wp","href":"https:\/\/api.w.org\/{rel}","templated":true}]}}