{"id":14671,"date":"2020-09-10T15:05:51","date_gmt":"2020-09-10T15:05:51","guid":{"rendered":"https:\/\/www.radiopresidenteibanez.cl\/web\/?p=14671"},"modified":"2020-09-10T15:05:58","modified_gmt":"2020-09-10T15:05:58","slug":"fallece-tripulante-de-lancha-a-motor-en-seno-ottway","status":"publish","type":"post","link":"https:\/\/www.radiopresidenteibanez.cl\/web\/fallece-tripulante-de-lancha-a-motor-en-seno-ottway\/","title":{"rendered":"FALLECE TRIPULANTE DE LANCHA A MOTOR EN SENO OTTWAY"},"content":{"rendered":"\n<p>Durante horas de la tarde de la jornada del 09 de septiembre, la Capitan\u00eda de Puerto de Punta Arenas, recibe mediante comunicaci\u00f3n telef\u00f3nica, la informaci\u00f3n que un tripulante de la Lancha a Motor \u201cDaniel I\u201d habr\u00eda ca\u00eddo al agua en una maniobra con jaulas que realizaba en conjunto con la Lancha a Motor \u201cH\u00e9rcules\u201d, en cercan\u00edas de Seno Ottway.<\/p>\n\n\n\n<p>Seg\u00fan la informaci\u00f3n entregada a la Autoridad Mar\u00edtima, el tripulante habr\u00eda sido recuperado del agua sin vida, inici\u00e1ndose el proceso correspondiente informando al Fiscal de Turno de Punta Arenas, qui\u00e9n orden\u00f3 no alterar el sitio del suceso, disponiendo adem\u00e1s que la Brigada de Homicidios de la Polic\u00eda de Investigaciones concurriera para efectuar el procedimiento correspondiente. La Lancha a Motor \u201cH\u00e9rcules\u201d se dirigi\u00f3 hacia R\u00edo Verde para el desembarco del fallecido.<\/p>\n\n\n\n<p>La Autoridad Mar\u00edtima, seg\u00fan los protocolos establecidos, coordin\u00f3 con la Brigada de Homicidios y Servicio M\u00e9dico Legal, con el objeto de realizar el procedimiento de levantamiento del cad\u00e1ver, el cu\u00e1l cont\u00f3 con el apoyo de una Patrulla de la Polic\u00eda Mar\u00edtima, una vez que la Lancha a Motor recal\u00f3 en R\u00edo Verde.<\/p>\n","protected":false},"excerpt":{"rendered":"<p>Durante horas de la tarde de la jornada del 09 de septiembre, la Capitan\u00eda de Puerto de Punta Arenas, recibe mediante comunicaci\u00f3n telef\u00f3nica, la informaci\u00f3n que un tripulante de la&#8230; <a class=\"read-more\" href=\"https:\/\/www.radiopresidenteibanez.cl\/web\/fallece-tripulante-de-lancha-a-motor-en-seno-ottway\/\">Leer m\u00e1s<\/a><\/p>\n","protected":false},"author":2,"featured_media":14672,"comment_status":"closed","ping_status":"closed","sticky":false,"template":"","format":"standard","meta":{"footnotes":""},"categories":[1],"tags":[],"class_list":["post-14671","post","type-post","status-publish","format-standard","has-post-thumbnail","hentry","category-cronica"],"_links":{"self":[{"href":"https:\/\/www.radiopresidenteibanez.cl\/web\/wp-json\/wp\/v2\/posts\/14671","targetHints":{"allow":["GET"]}}],"collection":[{"href":"https:\/\/www.radiopresidenteibanez.cl\/web\/wp-json\/wp\/v2\/posts"}],"about":[{"href":"https:\/\/www.radiopresidenteibanez.cl\/web\/wp-json\/wp\/v2\/types\/post"}],"author":[{"embeddable":true,"href":"https:\/\/www.radiopresidenteibanez.cl\/web\/wp-json\/wp\/v2\/users\/2"}],"replies":[{"embeddable":true,"href":"https:\/\/www.radiopresidenteibanez.cl\/web\/wp-json\/wp\/v2\/comments?post=14671"}],"version-history":[{"count":0,"href":"https:\/\/www.radiopresidenteibanez.cl\/web\/wp-json\/wp\/v2\/posts\/14671\/revisions"}],"wp:featuredmedia":[{"embeddable":true,"href":"https:\/\/www.radiopresidenteibanez.cl\/web\/wp-json\/wp\/v2\/media\/14672"}],"wp:attachment":[{"href":"https:\/\/www.radiopresidenteibanez.cl\/web\/wp-json\/wp\/v2\/media?parent=14671"}],"wp:term":[{"taxonomy":"category","embeddable":true,"href":"https:\/\/www.radiopresidenteibanez.cl\/web\/wp-json\/wp\/v2\/categories?post=14671"},{"taxonomy":"post_tag","embeddable":true,"href":"https:\/\/www.radiopresidenteibanez.cl\/web\/wp-json\/wp\/v2\/tags?post=14671"}],"curies":[{"name":"wp","href":"https:\/\/api.w.org\/{rel}","templated":true}]}}