{"id":14668,"date":"2020-09-10T15:02:20","date_gmt":"2020-09-10T15:02:20","guid":{"rendered":"https:\/\/www.radiopresidenteibanez.cl\/web\/?p=14668"},"modified":"2020-09-10T15:02:25","modified_gmt":"2020-09-10T15:02:25","slug":"mas-de-2-mil-testeos-en-terreno-ha-desarrollado-el-equipo-municipal-de-salud","status":"publish","type":"post","link":"https:\/\/www.radiopresidenteibanez.cl\/web\/mas-de-2-mil-testeos-en-terreno-ha-desarrollado-el-equipo-municipal-de-salud\/","title":{"rendered":"M\u00c1S DE 2 MIL TESTEOS EN TERRENO HA DESARROLLADO EL EQUIPO MUNICIPAL DE SALUD"},"content":{"rendered":"\n<p>Entre el 4 de agosto y el 8 de septiembre de este a\u00f1o, el equipo municipal de Testeo, Trazabilidad y Aislamiento, ha realizado un total de 2 mil 445 tomas de PCR, tanto de Contactos Estrechos como de B\u00fasqueda Activa de Casos en terreno.<\/p>\n\n\n\n<p>Y es por esto, que el alcalde Claudio Radonich valor\u00f3 y destac\u00f3 el trabajo que est\u00e1n realizando los funcionarios de la Atenci\u00f3n Primaria de Salud, ya que se suma y potencia con toda la red que ha estado trabajando incansablemente desde el inicio de esta pandemia.<\/p>\n\n\n\n<p>De igual forma, Radonich dijo que \u201choy m\u00e1s que nunca, es fundamental estar testeando en barrios y estar en el territorio, y es por eso que hace 4 semanas estamos trabajando exclusivamente, con los vecinos para que accedan al examen preventivo PCR, totalmente gratis.<\/p>\n\n\n\n<p>A ello, el jefe comunal agreg\u00f3 que \u201cnuestra principal preocupaci\u00f3n son los asintom\u00e1ticos, por eso la importancia de la B\u00fasqueda Activa de casos, as\u00ed que estamos contentos con el trabajo del equipo TTA municipal\u201d.<\/p>\n\n\n\n<p>En tanto, Rosa Torres, enfermera y parte del equipo TTA, agradeci\u00f3 la buena recepci\u00f3n de la gente y manifest\u00f3 que \u201crealizamos puerta a puerta para invitar a los vecinos a nuestra cl\u00ednica m\u00f3vil, con el fin de poder hacer una b\u00fasqueda activa de casos positivos asintom\u00e1ticos, y as\u00ed puedan saber su situaci\u00f3n para poder aislarse como corresponde\u201d.<\/p>\n\n\n\n<p>Una de las personas que lleg\u00f3 hasta la cl\u00ednica m\u00f3vil de la Corporaci\u00f3n Municipal de Punta Arenas, fue la se\u00f1ora Juana Williams, quien dijo: \u201cMe parece muy bien que se haga esto, porque quer\u00eda salir de la duda, ya que mi nieta est\u00e1 contagiada y nos preocupamos porque vivimos en la casa del al lado. Esto no es nada para chistes, y todav\u00eda hay personas que no creen\u201d.<\/p>\n\n\n\n<p>En tanto, Daniela Arteaga hizo un llamado. \u201cQue se cuiden y se protejan, porque est\u00e1 muy fuerte esta cosa. De verdad es peligroso y la gente no lo toma en cuenta. Yo uso mascarilla, lavado de manos y trato de no salir\u201d.<\/p>\n\n\n\n<p>Finalmente, Radonich explic\u00f3 que \u201ces importante reiterar que las personas que resultan positivas para COVID-19 tienen derecho a licencia m\u00e9dica, as\u00ed como tambi\u00e9n los contactos estrechos, pero para poder aclarar dudas y nuevas inquietudes, hemos invitado al seremi de salud a una sesi\u00f3n extraordinaria de Concejo Municipal, la que se desarrollar\u00e1 este jueves 10 de septiembre a las 15 horas, el cual pueden ver a trav\u00e9s de nuestro Fan Page (Ilustre Municipalidad de Punta Arenas)\u201d.<\/p>\n","protected":false},"excerpt":{"rendered":"<p>Entre el 4 de agosto y el 8 de septiembre de este a\u00f1o, el equipo municipal de Testeo, Trazabilidad y Aislamiento, ha realizado un total de 2 mil 445 tomas&#8230; <a class=\"read-more\" href=\"https:\/\/www.radiopresidenteibanez.cl\/web\/mas-de-2-mil-testeos-en-terreno-ha-desarrollado-el-equipo-municipal-de-salud\/\">Leer m\u00e1s<\/a><\/p>\n","protected":false},"author":2,"featured_media":14669,"comment_status":"closed","ping_status":"closed","sticky":false,"template":"","format":"standard","meta":{"footnotes":""},"categories":[1],"tags":[],"class_list":["post-14668","post","type-post","status-publish","format-standard","has-post-thumbnail","hentry","category-cronica"],"_links":{"self":[{"href":"https:\/\/www.radiopresidenteibanez.cl\/web\/wp-json\/wp\/v2\/posts\/14668","targetHints":{"allow":["GET"]}}],"collection":[{"href":"https:\/\/www.radiopresidenteibanez.cl\/web\/wp-json\/wp\/v2\/posts"}],"about":[{"href":"https:\/\/www.radiopresidenteibanez.cl\/web\/wp-json\/wp\/v2\/types\/post"}],"author":[{"embeddable":true,"href":"https:\/\/www.radiopresidenteibanez.cl\/web\/wp-json\/wp\/v2\/users\/2"}],"replies":[{"embeddable":true,"href":"https:\/\/www.radiopresidenteibanez.cl\/web\/wp-json\/wp\/v2\/comments?post=14668"}],"version-history":[{"count":0,"href":"https:\/\/www.radiopresidenteibanez.cl\/web\/wp-json\/wp\/v2\/posts\/14668\/revisions"}],"wp:featuredmedia":[{"embeddable":true,"href":"https:\/\/www.radiopresidenteibanez.cl\/web\/wp-json\/wp\/v2\/media\/14669"}],"wp:attachment":[{"href":"https:\/\/www.radiopresidenteibanez.cl\/web\/wp-json\/wp\/v2\/media?parent=14668"}],"wp:term":[{"taxonomy":"category","embeddable":true,"href":"https:\/\/www.radiopresidenteibanez.cl\/web\/wp-json\/wp\/v2\/categories?post=14668"},{"taxonomy":"post_tag","embeddable":true,"href":"https:\/\/www.radiopresidenteibanez.cl\/web\/wp-json\/wp\/v2\/tags?post=14668"}],"curies":[{"name":"wp","href":"https:\/\/api.w.org\/{rel}","templated":true}]}}