{"id":14666,"date":"2020-09-10T14:59:35","date_gmt":"2020-09-10T14:59:35","guid":{"rendered":"https:\/\/www.radiopresidenteibanez.cl\/web\/?p=14666"},"modified":"2020-09-10T14:59:40","modified_gmt":"2020-09-10T14:59:40","slug":"despega-mipe-abre-postulaciones-con-casi-7-mil-cupos-para-duenos-y-trabajadores-de-micro-y-pequenas-empresas","status":"publish","type":"post","link":"https:\/\/www.radiopresidenteibanez.cl\/web\/despega-mipe-abre-postulaciones-con-casi-7-mil-cupos-para-duenos-y-trabajadores-de-micro-y-pequenas-empresas\/","title":{"rendered":"DESPEGA MIPE ABRE POSTULACIONES CON CASI 7 MIL CUPOS PARA DUE\u00d1OS Y TRABAJADORES DE MICRO Y PEQUE\u00d1AS EMPRESAS"},"content":{"rendered":"\n<p>Un total de 6.774\ncupos para cursos en l\u00ednea y gratuitos son los que ofrece el programa \u201cDespega\nMipe\u201d del Servicio Nacional de Capacitaci\u00f3n y Empleo (Sence), que acaba de\nabrir sus postulaciones enfocadas en trabajadores, due\u00f1os, socios y\nrepresentantes legales de micro y peque\u00f1as empresas de la regi\u00f3n.<\/p>\n\n\n\n<p>El programa tiene\ncomo prop\u00f3sito entregar un apoyo concreto a las mipes, que han sido las m\u00e1s\nafectadas producto de la crisis sanitaria por Covid-19, debido, principalmente,\na la reducci\u00f3n de sus ventas. Seg\u00fan datos de la encuesta Covid, del\nObservatorio Laboral de Magallanes (OLM), el 61% de las micro y peque\u00f1as\nempresas han reducido sus ventas e ingresos en esta pandemia.<\/p>\n\n\n\n<p>\u201cEl programa\nDespega Mipe tiene por objeto apoyar a tantos micro y peque\u00f1os empresarios que\nse han visto afectados producto de la pandemia que estamos enfrentando. Como\ngobierno, hemos estado trabajando desde el primer momento para apoyarlos en su\nrecuperaci\u00f3n. Este programa va, justamente, en esa l\u00ednea, entregando\nimportantes herramientas para poder reorganizar la empresa y digitalizarla. Son\ncursos absolutamente gratuitos y online, para buscar una nueva oportunidad y\nreinventarse\u201d, expres\u00f3 la Seremi del Trabajo, Victoria Cort\u00e9s.<\/p>\n\n\n\n<p>Se trata de una\noportunidad para que trabajadores y due\u00f1os de micro y peque\u00f1os negocios puedan\nimpulsarlos a trav\u00e9s de la digitalizaci\u00f3n y la transformaci\u00f3n digital. Esto\nresulta determinante, considerando que el 40%<em><strong> <\/strong><\/em><em>de las mipes\nmagall\u00e1nicas han debido incorporar canales de servicios online durante la\npandemia.<\/em><em><\/em><\/p>\n\n\n\n<p><em>\u201cSon cursos\ndirigidos a crear competencias en el \u00e1rea digital, tales como: marketing\ndigital, facturaci\u00f3n electr\u00f3nica, computaci\u00f3n, ventas online, gesti\u00f3n de redes,\nentre otros. Competencias que hoy se hacen muy necesarias para los peque\u00f1os\nempresarios. Los invitamos a postular a trav\u00e9s de nuestro sitio <\/em><a href=\"http:\/\/www.sence.cl\">www.sence.cl<\/a><em>, buscando el\nlink Despega Mipe y aprovechar estos beneficios, esperando poder ser un aporte\npara lograr el levantamiento de los negocios de la regi\u00f3n\u201d, llam\u00f3 el director\nregional de Sence, Enrique Hern\u00e1ndez.<\/em><em><\/em><\/p>\n\n\n\n<p><em>Un testimonio\nde la buena experiencia de este programa lo entreg\u00f3 Guillermo Uribe,\nmicroempresario de Punta Arenas, quien fue parte de uno de los primeros cursos\nde Despega Mipe. \u201cEl a\u00f1o pasado particip\u00e9 del curso de Administraci\u00f3n de\nempresas, a trav\u00e9s del programa Despega Mipe, que fue muy beneficioso para\nsaber administrar de mejor manera mi empresa de elaboraci\u00f3n de productos de\nChilo\u00e9. En este curso aprend\u00ed muchas cosas que no sab\u00eda y que he podido poner\nen pr\u00e1ctica. Por eso, invito a todos los peque\u00f1os y medianos empresarios de\nMagallanes a postular al Despega Mipe, porque esta puede ser una forma de\nempezar de nuevo\u201d, destac\u00f3.<\/em><em><\/em><\/p>\n\n\n\n<p><em>La difusi\u00f3n\nde este programa se realiza en conjunto con la Seremi de Econom\u00eda, Fomento y\nTurismo, Natalia Easton, con quien, adem\u00e1s, el a\u00f1o pasado se estableci\u00f3 un\nconvenio a trav\u00e9s del programa \u201cDigitaliza tu Pyme\u201d, que promueve la\ncapacitaci\u00f3n de las peque\u00f1as empresas en materias digitales.<\/em><em><\/em><\/p>\n\n\n\n<p><em>Para postular\na los cursos de Despega Mipe de este a\u00f1o, se requiere ser representante legal,\ndue\u00f1o, socio o trabajador de una micro o peque\u00f1a empresa y que sus ingresos\nanuales por ventas no excedan las 25.000 U.F. en el \u00faltimo a\u00f1o calendario.<\/em><em><\/em><\/p>\n","protected":false},"excerpt":{"rendered":"<p>Un total de 6.774 cupos para cursos en l\u00ednea y gratuitos son los que ofrece el programa \u201cDespega Mipe\u201d del Servicio Nacional de Capacitaci\u00f3n y Empleo (Sence), que acaba de&#8230; <a class=\"read-more\" href=\"https:\/\/www.radiopresidenteibanez.cl\/web\/despega-mipe-abre-postulaciones-con-casi-7-mil-cupos-para-duenos-y-trabajadores-de-micro-y-pequenas-empresas\/\">Leer m\u00e1s<\/a><\/p>\n","protected":false},"author":2,"featured_media":11286,"comment_status":"closed","ping_status":"closed","sticky":false,"template":"","format":"standard","meta":{"footnotes":""},"categories":[1],"tags":[],"class_list":["post-14666","post","type-post","status-publish","format-standard","has-post-thumbnail","hentry","category-cronica"],"_links":{"self":[{"href":"https:\/\/www.radiopresidenteibanez.cl\/web\/wp-json\/wp\/v2\/posts\/14666","targetHints":{"allow":["GET"]}}],"collection":[{"href":"https:\/\/www.radiopresidenteibanez.cl\/web\/wp-json\/wp\/v2\/posts"}],"about":[{"href":"https:\/\/www.radiopresidenteibanez.cl\/web\/wp-json\/wp\/v2\/types\/post"}],"author":[{"embeddable":true,"href":"https:\/\/www.radiopresidenteibanez.cl\/web\/wp-json\/wp\/v2\/users\/2"}],"replies":[{"embeddable":true,"href":"https:\/\/www.radiopresidenteibanez.cl\/web\/wp-json\/wp\/v2\/comments?post=14666"}],"version-history":[{"count":0,"href":"https:\/\/www.radiopresidenteibanez.cl\/web\/wp-json\/wp\/v2\/posts\/14666\/revisions"}],"wp:featuredmedia":[{"embeddable":true,"href":"https:\/\/www.radiopresidenteibanez.cl\/web\/wp-json\/wp\/v2\/media\/11286"}],"wp:attachment":[{"href":"https:\/\/www.radiopresidenteibanez.cl\/web\/wp-json\/wp\/v2\/media?parent=14666"}],"wp:term":[{"taxonomy":"category","embeddable":true,"href":"https:\/\/www.radiopresidenteibanez.cl\/web\/wp-json\/wp\/v2\/categories?post=14666"},{"taxonomy":"post_tag","embeddable":true,"href":"https:\/\/www.radiopresidenteibanez.cl\/web\/wp-json\/wp\/v2\/tags?post=14666"}],"curies":[{"name":"wp","href":"https:\/\/api.w.org\/{rel}","templated":true}]}}