{"id":14664,"date":"2020-09-10T14:54:42","date_gmt":"2020-09-10T14:54:42","guid":{"rendered":"https:\/\/www.radiopresidenteibanez.cl\/web\/?p=14664"},"modified":"2020-09-10T14:54:48","modified_gmt":"2020-09-10T14:54:48","slug":"diputado-bianchi-exige-invalidar-restriccion-vehicular-en-punta-arenas","status":"publish","type":"post","link":"https:\/\/www.radiopresidenteibanez.cl\/web\/diputado-bianchi-exige-invalidar-restriccion-vehicular-en-punta-arenas\/","title":{"rendered":"DIPUTADO BIANCHI EXIGE INVALIDAR RESTRICCI\u00d3N VEHICULAR EN PUNTA ARENAS"},"content":{"rendered":"\n<p>El\nparlamentario ofici\u00f3 a la ministra de Transportes, Gloria Hutt, solicit\u00e1ndole\ndeclarar nula la medida de restricci\u00f3n vehicular en la comuna de Punta Arenas\nque comenz\u00f3 a regir esta semana.<\/p>\n\n\n\n<p>En\nel documento, Bianchi se\u00f1ala que la resoluci\u00f3n que restringe la circulaci\u00f3n de\nveh\u00edculos se ampara en el art\u00edculo 113 de la Ley de Tr\u00e1nsito que se\u00f1ala: \u201cEl\nMinisterio de Transportes y Telecomunicaciones podr\u00e1 prohibir, por causa\njustificada, la circulaci\u00f3n de todo veh\u00edculo o de tipos espec\u00edficos de \u00e9stos,\npor determinadas v\u00edas p\u00fablicas.\u201d<\/p>\n\n\n\n<p>As\u00ed mismo, recalca que la resoluci\u00f3n pretende justificar su\ndecisi\u00f3n se\u00f1alando textualmente que la causa es \u201cla de adoptar medidas\nsanitarias que tiendan a evitar aglomeraciones y as\u00ed evitar el contacto f\u00edsico\nentre personas, para hacer frente a la presente crisis epidemiol\u00f3gica\u201d.<\/p>\n\n\n\n<p>Ante esto, el diputado independiente asegura que el seremi\nde Transportes no explica ni justifica c\u00f3mo la medida de restricci\u00f3n vehicular\nreducir\u00e1 aglomeraciones de personas y evitar\u00e1 el contacto f\u00edsico entre ellas. <\/p>\n\n\n\n<p>Afirma, adem\u00e1s, que esta restricci\u00f3n genera el efecto\ncontrario, ya que la gente \u201cdeber\u00e1 movilizarse a labores o tr\u00e1mites urgentes en\ncompa\u00f1\u00eda de otras personas, lo cual, sumado a las inclemencias del clima, puede\nllegar a convertirse en un nuevo foco de contagio. <\/p>\n","protected":false},"excerpt":{"rendered":"<p>El parlamentario ofici\u00f3 a la ministra de Transportes, Gloria Hutt, solicit\u00e1ndole declarar nula la medida de restricci\u00f3n vehicular en la comuna de Punta Arenas que comenz\u00f3 a regir esta semana&#8230;. <a class=\"read-more\" href=\"https:\/\/www.radiopresidenteibanez.cl\/web\/diputado-bianchi-exige-invalidar-restriccion-vehicular-en-punta-arenas\/\">Leer m\u00e1s<\/a><\/p>\n","protected":false},"author":2,"featured_media":5567,"comment_status":"closed","ping_status":"closed","sticky":false,"template":"","format":"standard","meta":{"footnotes":""},"categories":[1],"tags":[],"class_list":["post-14664","post","type-post","status-publish","format-standard","has-post-thumbnail","hentry","category-cronica"],"_links":{"self":[{"href":"https:\/\/www.radiopresidenteibanez.cl\/web\/wp-json\/wp\/v2\/posts\/14664","targetHints":{"allow":["GET"]}}],"collection":[{"href":"https:\/\/www.radiopresidenteibanez.cl\/web\/wp-json\/wp\/v2\/posts"}],"about":[{"href":"https:\/\/www.radiopresidenteibanez.cl\/web\/wp-json\/wp\/v2\/types\/post"}],"author":[{"embeddable":true,"href":"https:\/\/www.radiopresidenteibanez.cl\/web\/wp-json\/wp\/v2\/users\/2"}],"replies":[{"embeddable":true,"href":"https:\/\/www.radiopresidenteibanez.cl\/web\/wp-json\/wp\/v2\/comments?post=14664"}],"version-history":[{"count":0,"href":"https:\/\/www.radiopresidenteibanez.cl\/web\/wp-json\/wp\/v2\/posts\/14664\/revisions"}],"wp:featuredmedia":[{"embeddable":true,"href":"https:\/\/www.radiopresidenteibanez.cl\/web\/wp-json\/wp\/v2\/media\/5567"}],"wp:attachment":[{"href":"https:\/\/www.radiopresidenteibanez.cl\/web\/wp-json\/wp\/v2\/media?parent=14664"}],"wp:term":[{"taxonomy":"category","embeddable":true,"href":"https:\/\/www.radiopresidenteibanez.cl\/web\/wp-json\/wp\/v2\/categories?post=14664"},{"taxonomy":"post_tag","embeddable":true,"href":"https:\/\/www.radiopresidenteibanez.cl\/web\/wp-json\/wp\/v2\/tags?post=14664"}],"curies":[{"name":"wp","href":"https:\/\/api.w.org\/{rel}","templated":true}]}}