{"id":14661,"date":"2020-09-10T14:52:40","date_gmt":"2020-09-10T14:52:40","guid":{"rendered":"https:\/\/www.radiopresidenteibanez.cl\/web\/?p=14661"},"modified":"2020-09-10T14:52:45","modified_gmt":"2020-09-10T14:52:45","slug":"comienzan-en-magallanes-las-vocerias-sociales-lideradas-por-la-seremi-de-desarrollo-social-y-familia","status":"publish","type":"post","link":"https:\/\/www.radiopresidenteibanez.cl\/web\/comienzan-en-magallanes-las-vocerias-sociales-lideradas-por-la-seremi-de-desarrollo-social-y-familia\/","title":{"rendered":"COMIENZAN EN MAGALLANES LAS VOCER\u00cdAS SOCIALES LIDERADAS POR LA SEREMI DE DESARROLLO SOCIAL Y FAMILIA"},"content":{"rendered":"\n<p>El pasado viernes 4 de septiembre nuestra Secretar\u00eda Regional Ministerial de Desarrollo Social y Familia comenz\u00f3 la transmisi\u00f3n de la primera Vocer\u00eda Social en dependencias de la Intendencia de Magallanes, espacio destinado a informar a la ciudadan\u00eda los diversos beneficios que el Gobierno de Chile ha implementado, a trav\u00e9s de su Red de Protecci\u00f3n Social, para enfrentar los efectos socioecon\u00f3micos de la pandemia.<\/p>\n\n\n\n<p>Todas las semanas, la Seremi Liz Casanueva ser\u00e1 la encargada de conducir este espacio que contar\u00e1 con la participaci\u00f3n de autoridades locales para explicar los detalles de las cerca de 50 medidas econ\u00f3micas y sociales, como ha sido el Ingreso Familiar de Emergencia (IFE), que en la regi\u00f3n ha alcanzado a 20.117 hogares y&nbsp;otras creadas para ir en apoyo de las familias m\u00e1s vulnerables y de clase media.<\/p>\n\n\n\n<p>En la&nbsp;primera vocer\u00eda, la titular regional de Desarrollo Social y Familia present\u00f3 la plataforma online&nbsp;<a href=\"http:\/\/www.xn--proteccinsocial-2rb.gob.cl\/\" target=\"_blank\" rel=\"noreferrer noopener\">www.protecci\u00f3nsocial.gob.cl<\/a>, que contiene informaci\u00f3n sobre cada uno de los beneficios y prestaciones, unificando y simplificando el acceso a estos para contribuir a una toma decisiones m\u00e1s simple y oportuna.<\/p>\n\n\n\n<p>Durante la transmisi\u00f3n realizada hoy 9 de septiembre, a trav\u00e9s de Facebook Live, estuvieron de invitados la Seremi de Econom\u00eda, Fomento y Turismo, Natalia Easton y el Seremi de Transportes y Telecomunicaciones, Marco Antonio Mella, quienes actualizaron el panorama de sus respectivas \u00e1reas.<\/p>\n\n\n\n<p>En la oportunidad, el Seremi Marco Antonio Mella explic\u00f3 que \u201cuna de las grandes medidas implementadas en todo el pa\u00eds ha sido la rebaja del pasaje de adulto mayor del transporte p\u00fablico. El transporte escolar, ha sido un sector muy da\u00f1ado, y por ello, todos los veh\u00edculos que venc\u00edan este a\u00f1o, han renovado por un a\u00f1o m\u00e1s. Desde las Telecomunicaciones, quiero destacar el plan b\u00e1sico solidario de Internet, que se extender\u00e1 hasta el 30 de septiembre, y que significa una gran ayuda para quienes deben trabajar o estudiar desde sus hogares\u201d.<\/p>\n\n\n\n<p>A su vez, la Seremi Natalia Easton, coment\u00f3 la relevancia del Plan Econ\u00f3mico de Emergencia para ayuda social y activaci\u00f3n econ\u00f3mica, se\u00f1alando que \u201ccomo ministerio tenemos instrumentos que implican movimientos de recursos fiscales por m\u00e1s de 30 mil millones de d\u00f3lares. Tenemos una red de fomento a trav\u00e9s de nuestros servicios: Sercotec y Corfo, quienes han desplegado un tremendo trabajo, incrementando en un 98% el presupuesto de Sercotec en Magallanes para la reestructuraci\u00f3n de su oferta program\u00e1tica. En concreto, hemos podido entregar beneficios para 998 Pymes que se encuentran da\u00f1adas por los efectos de la pandemia, esperando beneficiar a cerca del 20% por ciento de ellas durante este a\u00f1o\u201d.<\/p>\n\n\n\n<p>Algunas de las medidas que el Gobierno ha impulsado en el marco de la pandemia ha sido el Bono Clase Media y Pr\u00e9stamo Solidario, la Ley de Protecci\u00f3n del Empleo, Apoyo a los Ingresos de Trabajadores Independientes, Ingreso M\u00ednimo Garantizado, Programas de Subsidio y Financiamiento para las Pymes, Fortalecimiento del Seguro de Desempleo, Cr\u00e9ditos Fogape, Crianza Protegida, Subsidios de Arriendo, entre otros.<\/p>\n","protected":false},"excerpt":{"rendered":"<p>El pasado viernes 4 de septiembre nuestra Secretar\u00eda Regional Ministerial de Desarrollo Social y Familia comenz\u00f3 la transmisi\u00f3n de la primera Vocer\u00eda Social en dependencias de la Intendencia de Magallanes,&#8230; <a class=\"read-more\" href=\"https:\/\/www.radiopresidenteibanez.cl\/web\/comienzan-en-magallanes-las-vocerias-sociales-lideradas-por-la-seremi-de-desarrollo-social-y-familia\/\">Leer m\u00e1s<\/a><\/p>\n","protected":false},"author":2,"featured_media":14662,"comment_status":"closed","ping_status":"closed","sticky":false,"template":"","format":"standard","meta":{"footnotes":""},"categories":[1],"tags":[],"class_list":["post-14661","post","type-post","status-publish","format-standard","has-post-thumbnail","hentry","category-cronica"],"_links":{"self":[{"href":"https:\/\/www.radiopresidenteibanez.cl\/web\/wp-json\/wp\/v2\/posts\/14661","targetHints":{"allow":["GET"]}}],"collection":[{"href":"https:\/\/www.radiopresidenteibanez.cl\/web\/wp-json\/wp\/v2\/posts"}],"about":[{"href":"https:\/\/www.radiopresidenteibanez.cl\/web\/wp-json\/wp\/v2\/types\/post"}],"author":[{"embeddable":true,"href":"https:\/\/www.radiopresidenteibanez.cl\/web\/wp-json\/wp\/v2\/users\/2"}],"replies":[{"embeddable":true,"href":"https:\/\/www.radiopresidenteibanez.cl\/web\/wp-json\/wp\/v2\/comments?post=14661"}],"version-history":[{"count":0,"href":"https:\/\/www.radiopresidenteibanez.cl\/web\/wp-json\/wp\/v2\/posts\/14661\/revisions"}],"wp:featuredmedia":[{"embeddable":true,"href":"https:\/\/www.radiopresidenteibanez.cl\/web\/wp-json\/wp\/v2\/media\/14662"}],"wp:attachment":[{"href":"https:\/\/www.radiopresidenteibanez.cl\/web\/wp-json\/wp\/v2\/media?parent=14661"}],"wp:term":[{"taxonomy":"category","embeddable":true,"href":"https:\/\/www.radiopresidenteibanez.cl\/web\/wp-json\/wp\/v2\/categories?post=14661"},{"taxonomy":"post_tag","embeddable":true,"href":"https:\/\/www.radiopresidenteibanez.cl\/web\/wp-json\/wp\/v2\/tags?post=14661"}],"curies":[{"name":"wp","href":"https:\/\/api.w.org\/{rel}","templated":true}]}}