{"id":14656,"date":"2020-09-10T00:58:36","date_gmt":"2020-09-10T00:58:36","guid":{"rendered":"https:\/\/www.radiopresidenteibanez.cl\/web\/?p=14656"},"modified":"2020-09-10T00:58:43","modified_gmt":"2020-09-10T00:58:43","slug":"instituciones-se-unen-para-reforzar-la-importancia-de-adoptar-todas-las-medidas-de-autocuidado-por-covid-19","status":"publish","type":"post","link":"https:\/\/www.radiopresidenteibanez.cl\/web\/instituciones-se-unen-para-reforzar-la-importancia-de-adoptar-todas-las-medidas-de-autocuidado-por-covid-19\/","title":{"rendered":"INSTITUCIONES SE UNEN PARA REFORZAR LA IMPORTANCIA DE ADOPTAR TODAS LAS MEDIDAS DE AUTOCUIDADO POR COVID-19"},"content":{"rendered":"\n<p>Las altas cifras de contagios registradas durante la cuarentena en Punta Arenas mantienen preocupadas a las autoridades regionales, es por ello que se determin\u00f3 elaborar una estrategia de sensibilizaci\u00f3n m\u00e1s directa con la comunidad, a trav\u00e9s de mensajes claros y breves donde se refuerza la importancia de adoptar todas las medidas de autocuidado instruidas por la autoridad sanitaria, desde el inicio de la pandemia.<\/p>\n\n\n\n<p>Para ello se cuenta con el apoyo de Bomberos, Polic\u00eda de Investigaciones, Ej\u00e9rcito, Armada, Fuerza A\u00e9rea, Armada, Conaf y Onemi, quienes se encargan de entregar distintos mensajes orientados a medidas preventivas como: lavado de manos, uso de mascarilla, distancia f\u00edsica y, sobre todo, el llamado a quedarse en casa para que podamos superar esta ola de contagios.<\/p>\n\n\n\n<p>La seremi de Gobierno, Alejandra Mu\u00f1oz, explic\u00f3 que \u201cla alta movilidad de personas durante tiempo de cuarentena aumenta riesgos de contagios, y se ha detectado que est\u00e1 prevalenciendo la transmisi\u00f3n comunitaria como forma de contagio, es por ello que se hace necesario reducir al m\u00e1ximo la movilidad en la ciudad y ello va de la mano con las salidas, que, en muchos casos, son innecesarias\u201d.<\/p>\n\n\n\n<p>La vocera del gobierno regional a\u00f1adi\u00f3 que \u201cqueremos que la sociedad civil se comprometa con la prevenci\u00f3n de la contenci\u00f3n de la propagaci\u00f3n del virus para que pronto podamos revertir los n\u00fameros que actualmente tenemos. Es importante agradecer a todas las instituciones que han colaborado en esta estrategia y tambi\u00e9n a quienes amablemente nos prestaron su voz para entregar el mensaje a la comunidad. Sabemos que cuando los magall\u00e1nicos nos unimos, logramos cosas extraordinarias, y esta vez no ser\u00e1 la excepci\u00f3n\u201d.<\/p>\n\n\n\n<p>Las instituciones que participan en esta campa\u00f1a de sensibilizaci\u00f3n se encuentran entregando estos mensajes en puntos cr\u00edticos de la ciudad y tambi\u00e9n en las poblaciones. <br>\nEl intendente Jos\u00e9 Fern\u00e1ndez, insisti\u00f3 en la importancia de que la comunidad adopte las medidas para que se logren disminuir los contagios en la comuna.<\/p>\n\n\n\n<p>\u201cSe aproxima la celebraci\u00f3n de Fiestas Patrias, tiempo en el que est\u00e1n prohibidas las reuniones con familiares o amigos, es por eso que debemos extremar los cuidados para no sobrecargar a nuestros equipos de salud producto de nuestras acciones. Ellos est\u00e1n comprometidos desde el primer d\u00eda, y la verdad es que no queremos m\u00e1s contagios, no queremos m\u00e1s muertes en Magallanes\u201d, enfatiz\u00f3 la m\u00e1xima autoridad regional.   <\/p>\n","protected":false},"excerpt":{"rendered":"<p>Las altas cifras de contagios registradas durante la cuarentena en Punta Arenas mantienen preocupadas a las autoridades regionales, es por ello que se determin\u00f3 elaborar una estrategia de sensibilizaci\u00f3n m\u00e1s&#8230; <a class=\"read-more\" href=\"https:\/\/www.radiopresidenteibanez.cl\/web\/instituciones-se-unen-para-reforzar-la-importancia-de-adoptar-todas-las-medidas-de-autocuidado-por-covid-19\/\">Leer m\u00e1s<\/a><\/p>\n","protected":false},"author":2,"featured_media":14657,"comment_status":"closed","ping_status":"closed","sticky":false,"template":"","format":"standard","meta":{"footnotes":""},"categories":[1],"tags":[],"class_list":["post-14656","post","type-post","status-publish","format-standard","has-post-thumbnail","hentry","category-cronica"],"_links":{"self":[{"href":"https:\/\/www.radiopresidenteibanez.cl\/web\/wp-json\/wp\/v2\/posts\/14656","targetHints":{"allow":["GET"]}}],"collection":[{"href":"https:\/\/www.radiopresidenteibanez.cl\/web\/wp-json\/wp\/v2\/posts"}],"about":[{"href":"https:\/\/www.radiopresidenteibanez.cl\/web\/wp-json\/wp\/v2\/types\/post"}],"author":[{"embeddable":true,"href":"https:\/\/www.radiopresidenteibanez.cl\/web\/wp-json\/wp\/v2\/users\/2"}],"replies":[{"embeddable":true,"href":"https:\/\/www.radiopresidenteibanez.cl\/web\/wp-json\/wp\/v2\/comments?post=14656"}],"version-history":[{"count":0,"href":"https:\/\/www.radiopresidenteibanez.cl\/web\/wp-json\/wp\/v2\/posts\/14656\/revisions"}],"wp:featuredmedia":[{"embeddable":true,"href":"https:\/\/www.radiopresidenteibanez.cl\/web\/wp-json\/wp\/v2\/media\/14657"}],"wp:attachment":[{"href":"https:\/\/www.radiopresidenteibanez.cl\/web\/wp-json\/wp\/v2\/media?parent=14656"}],"wp:term":[{"taxonomy":"category","embeddable":true,"href":"https:\/\/www.radiopresidenteibanez.cl\/web\/wp-json\/wp\/v2\/categories?post=14656"},{"taxonomy":"post_tag","embeddable":true,"href":"https:\/\/www.radiopresidenteibanez.cl\/web\/wp-json\/wp\/v2\/tags?post=14656"}],"curies":[{"name":"wp","href":"https:\/\/api.w.org\/{rel}","templated":true}]}}