{"id":14651,"date":"2020-09-09T16:29:42","date_gmt":"2020-09-09T16:29:42","guid":{"rendered":"https:\/\/www.radiopresidenteibanez.cl\/web\/?p=14651"},"modified":"2020-09-09T16:29:47","modified_gmt":"2020-09-09T16:29:47","slug":"asume-nueva-seremi-de-la-mujer-y-la-equidad-de-genero-en-magallanes","status":"publish","type":"post","link":"https:\/\/www.radiopresidenteibanez.cl\/web\/asume-nueva-seremi-de-la-mujer-y-la-equidad-de-genero-en-magallanes\/","title":{"rendered":"ASUME NUEVA SEREMI DE LA MUJER Y LA EQUIDAD DE G\u00c9NERO EN MAGALLANES"},"content":{"rendered":"\n<p>Esta ma\u00f1ana, el intendente Jos\u00e9 Fern\u00e1ndez D\u00fcbrock se reuni\u00f3\ncon la nueva seremi de la Mujer y la Equidad de G\u00e9nero, Daisy Carrera Ocaranza,\noportunidad en que ambas autoridades dialogaron sobre los importantes desaf\u00edos\nque se deben llevar adelante en materia de g\u00e9nero, en pos de la construcci\u00f3n de\nuna sociedad m\u00e1s respetuosa, justa y equitativa con las mujeres.<\/p>\n\n\n\n<p>La nueva seremi es trabajadora social, posee estudios de\npostgrado y especializaci\u00f3n en materias de salud mental, y tambi\u00e9n se ha\ndesempe\u00f1ado previamente en cargos vinculados a la prevenci\u00f3n de la violencia\ncontra la Mujer.<\/p>\n\n\n\n<p>Al t\u00e9rmino de la reuni\u00f3n con la primera autoridad regional,\nDaisy Carrera manifest\u00f3 que \u201cestoy muy contenta y agradecida por esta\noportunidad que se me ha brindado. Agradezco a la ministra M\u00f3nica Zalaquett y\nal intendente Fern\u00e1ndez por la confianza. S\u00e9 que estamos en un periodo muy\nrelevante para las mujeres, donde se est\u00e1n abriendo espacios antes impensados\npara nosotras, donde existe una demanda legitima y urgente de protecci\u00f3n y\nrespeto; donde los roles est\u00e1n cambiando, por lo que sin duda asumo un desaf\u00edo\ny un compromiso muy relevante con todas las mujeres de Magallanes, en base al\nrespeto y al di\u00e1logo\u201d.<\/p>\n\n\n\n<p>Por su parte, el intendente Fern\u00e1ndez dese\u00f3 todo el \u00e9xito en\nsu gesti\u00f3n a la nueva seremi de la Mujer y Equidad de G\u00e9nero, a quien le\nsolicit\u00f3 seguir avanzando a nivel regional, en la agenda de g\u00e9nero que impulsa\nel gobierno del Presidente Sebasti\u00e1n Pi\u00f1era, a trav\u00e9s de la red multisectorial.<\/p>\n\n\n\n<p>Finalmente, la nueva autoridad tambi\u00e9n se reuni\u00f3 con la\nseremi de Gobierno, Alejandra Mu\u00f1oz, quien se encontraba realizando la\nsubrogancia del cargo, para hacer el traspaso oficial de las funciones e\ninformarle sobre el trabajo que se est\u00e1 realizando a nivel local.<\/p>\n","protected":false},"excerpt":{"rendered":"<p>Esta ma\u00f1ana, el intendente Jos\u00e9 Fern\u00e1ndez D\u00fcbrock se reuni\u00f3 con la nueva seremi de la Mujer y la Equidad de G\u00e9nero, Daisy Carrera Ocaranza, oportunidad en que ambas autoridades dialogaron&#8230; <a class=\"read-more\" href=\"https:\/\/www.radiopresidenteibanez.cl\/web\/asume-nueva-seremi-de-la-mujer-y-la-equidad-de-genero-en-magallanes\/\">Leer m\u00e1s<\/a><\/p>\n","protected":false},"author":2,"featured_media":14652,"comment_status":"closed","ping_status":"closed","sticky":false,"template":"","format":"standard","meta":{"footnotes":""},"categories":[1],"tags":[],"class_list":["post-14651","post","type-post","status-publish","format-standard","has-post-thumbnail","hentry","category-cronica"],"_links":{"self":[{"href":"https:\/\/www.radiopresidenteibanez.cl\/web\/wp-json\/wp\/v2\/posts\/14651","targetHints":{"allow":["GET"]}}],"collection":[{"href":"https:\/\/www.radiopresidenteibanez.cl\/web\/wp-json\/wp\/v2\/posts"}],"about":[{"href":"https:\/\/www.radiopresidenteibanez.cl\/web\/wp-json\/wp\/v2\/types\/post"}],"author":[{"embeddable":true,"href":"https:\/\/www.radiopresidenteibanez.cl\/web\/wp-json\/wp\/v2\/users\/2"}],"replies":[{"embeddable":true,"href":"https:\/\/www.radiopresidenteibanez.cl\/web\/wp-json\/wp\/v2\/comments?post=14651"}],"version-history":[{"count":0,"href":"https:\/\/www.radiopresidenteibanez.cl\/web\/wp-json\/wp\/v2\/posts\/14651\/revisions"}],"wp:featuredmedia":[{"embeddable":true,"href":"https:\/\/www.radiopresidenteibanez.cl\/web\/wp-json\/wp\/v2\/media\/14652"}],"wp:attachment":[{"href":"https:\/\/www.radiopresidenteibanez.cl\/web\/wp-json\/wp\/v2\/media?parent=14651"}],"wp:term":[{"taxonomy":"category","embeddable":true,"href":"https:\/\/www.radiopresidenteibanez.cl\/web\/wp-json\/wp\/v2\/categories?post=14651"},{"taxonomy":"post_tag","embeddable":true,"href":"https:\/\/www.radiopresidenteibanez.cl\/web\/wp-json\/wp\/v2\/tags?post=14651"}],"curies":[{"name":"wp","href":"https:\/\/api.w.org\/{rel}","templated":true}]}}