{"id":14647,"date":"2020-09-09T14:16:40","date_gmt":"2020-09-09T14:16:40","guid":{"rendered":"https:\/\/www.radiopresidenteibanez.cl\/web\/?p=14647"},"modified":"2020-09-09T14:16:46","modified_gmt":"2020-09-09T14:16:46","slug":"priorizacion-de-proyectos-la-clave-para-un-pacto-de-desarrollo-para-punta-arenas","status":"publish","type":"post","link":"https:\/\/www.radiopresidenteibanez.cl\/web\/priorizacion-de-proyectos-la-clave-para-un-pacto-de-desarrollo-para-punta-arenas\/","title":{"rendered":"PRIORIZACI\u00d3N DE PROYECTOS: LA CLAVE PARA UN PACTO DE DESARROLLO PARA PUNTA ARENAS"},"content":{"rendered":"\n<p>Ciudad justa y equitativa; conservaci\u00f3n y medio ambiente; turismo y ciencias, y tradiciones, cultura y patrimonio, son los cuatro grandes desaf\u00edos acordados por la Mesa \u201cPunta Arenas: la ciudad que queremos\u201d,&nbsp;instancia impulsada por Corporaci\u00f3n Ciudades y la C\u00e1mara Chilena de la Construcci\u00f3n, con el objetivo de mejorar la planificaci\u00f3n de la capital magall\u00e1nica y que esta semana realiz\u00f3 su segunda sesi\u00f3n, luego de que fueran interrumpidas por la pandemia.<\/p>\n\n\n\n<p>Por ello, durante el encuentro se presentaron 40 iniciativas regionales en torno a dichos desaf\u00edos, que fueron analizados en cuatro equipos de trabajo para acordar una visi\u00f3n de ciudad con mirada integrada y de largo plazo, generando as\u00ed un pacto de desarrollo para Punta Arenas.<\/p>\n\n\n\n<p>Para el director ejecutivo de Corporaci\u00f3n Ciudades, Juan Manuel S\u00e1nchez, \u201ca trav\u00e9s de este tipo de debate podemos trabajar en tener&nbsp;una mejor perspectiva de lo que se puede mejorar y resolver las necesidades de los puntarenenses\u201d.<\/p>\n\n\n\n<p>Opini\u00f3n que comparte Carlos Braun, presidente de CChC Punta Arenas, quien asegur\u00f3 que \u201cse logr\u00f3 concretar conceptos que hemos venido trabajando por varios meses en la Mesa. Al analizar cada proyecto desde cuatro perspectivas diferentes, permiti\u00f3 obtener un interesante cruce de informaci\u00f3n, que podr\u00e1 ser usado como insumo, por ejemplo, a la hora de priorizar iniciativas que nos permitan dar al desarrollo urbano de punta arenas\u201d.<\/p>\n\n\n\n<p>De hecho, al cierre de la sesi\u00f3n se plante\u00f3 un nuevo desaf\u00edo: la necesidad de implementar un medio de participaci\u00f3n ciudadana que sea m\u00e1s inclusivo y hacer m\u00e1s fluida la informaci\u00f3n sobre los proyectos, especialmente en la toma de decisiones.<\/p>\n\n\n\n<p><strong>Concurso fotogr\u00e1fico<\/strong><\/p>\n\n\n\n<p>En la reuni\u00f3n tambi\u00e9n se dieron a conocer los resultados del primer concurso fotogr\u00e1fico realizado por dichas entidades a trav\u00e9s de redes sociales, el cual buscaba reflejar los principales desaf\u00edos de la Mesa de Trabajo Ciudad.<\/p>\n\n\n\n<p>Participaron cerca de 80 personas, quienes lograron retratar y escribir lo que sue\u00f1an, desean o buscan para el futuro de Punta Arenas.<\/p>\n\n\n\n<p>El primer lugar fue para Constanza Barrientos Soto (@constanzaabs), quien gan\u00f3 bajo el desaf\u00edo \u201cTradiciones, cultura y patrimonio\u201d y recibir\u00e1 una c\u00e1mara fotogr\u00e1fica para que pueda seguir registrando im\u00e1genes. El segundo lugar se lo llev\u00f3 Kelvin Torres Olmedo (@kelvin.torres) en el desaf\u00edo \u201cCiudad justa y equitativa\u201d y el tercer lugar fue para Susana Rojel \u00c1lvarez (@sxroj), en el desaf\u00edo \u201cConservaci\u00f3n y medio ambiente\u201d.<\/p>\n","protected":false},"excerpt":{"rendered":"<p>Ciudad justa y equitativa; conservaci\u00f3n y medio ambiente; turismo y ciencias, y tradiciones, cultura y patrimonio, son los cuatro grandes desaf\u00edos acordados por la Mesa \u201cPunta Arenas: la ciudad que&#8230; <a class=\"read-more\" href=\"https:\/\/www.radiopresidenteibanez.cl\/web\/priorizacion-de-proyectos-la-clave-para-un-pacto-de-desarrollo-para-punta-arenas\/\">Leer m\u00e1s<\/a><\/p>\n","protected":false},"author":2,"featured_media":14648,"comment_status":"closed","ping_status":"closed","sticky":false,"template":"","format":"standard","meta":{"footnotes":""},"categories":[1],"tags":[],"class_list":["post-14647","post","type-post","status-publish","format-standard","has-post-thumbnail","hentry","category-cronica"],"_links":{"self":[{"href":"https:\/\/www.radiopresidenteibanez.cl\/web\/wp-json\/wp\/v2\/posts\/14647","targetHints":{"allow":["GET"]}}],"collection":[{"href":"https:\/\/www.radiopresidenteibanez.cl\/web\/wp-json\/wp\/v2\/posts"}],"about":[{"href":"https:\/\/www.radiopresidenteibanez.cl\/web\/wp-json\/wp\/v2\/types\/post"}],"author":[{"embeddable":true,"href":"https:\/\/www.radiopresidenteibanez.cl\/web\/wp-json\/wp\/v2\/users\/2"}],"replies":[{"embeddable":true,"href":"https:\/\/www.radiopresidenteibanez.cl\/web\/wp-json\/wp\/v2\/comments?post=14647"}],"version-history":[{"count":0,"href":"https:\/\/www.radiopresidenteibanez.cl\/web\/wp-json\/wp\/v2\/posts\/14647\/revisions"}],"wp:featuredmedia":[{"embeddable":true,"href":"https:\/\/www.radiopresidenteibanez.cl\/web\/wp-json\/wp\/v2\/media\/14648"}],"wp:attachment":[{"href":"https:\/\/www.radiopresidenteibanez.cl\/web\/wp-json\/wp\/v2\/media?parent=14647"}],"wp:term":[{"taxonomy":"category","embeddable":true,"href":"https:\/\/www.radiopresidenteibanez.cl\/web\/wp-json\/wp\/v2\/categories?post=14647"},{"taxonomy":"post_tag","embeddable":true,"href":"https:\/\/www.radiopresidenteibanez.cl\/web\/wp-json\/wp\/v2\/tags?post=14647"}],"curies":[{"name":"wp","href":"https:\/\/api.w.org\/{rel}","templated":true}]}}