{"id":14640,"date":"2020-09-08T23:14:25","date_gmt":"2020-09-08T23:14:25","guid":{"rendered":"https:\/\/www.radiopresidenteibanez.cl\/web\/?p=14640"},"modified":"2020-09-08T23:14:30","modified_gmt":"2020-09-08T23:14:30","slug":"pulso-sindical-diario-de-la-cgt-2","status":"publish","type":"post","link":"https:\/\/www.radiopresidenteibanez.cl\/web\/pulso-sindical-diario-de-la-cgt-2\/","title":{"rendered":"PULSO SINDICAL DIARIO DE LA CGT"},"content":{"rendered":"\n<p>1.-\nAl menos 2 de los muchos elementos que demanda el trabajo sindical, se han\nvisto mermados y\/o se han perdido en esta pasada de la pandemia, que ya va para\n7 meses. <\/p>\n\n\n\n<p>Nos\nreferimos en particular a las comunicaciones y las propuestas. <\/p>\n\n\n\n<p>En\nefecto, en momentos complicados como el que estamos viviendo y en el que se ven\nlesionados los derechos de los trabajadores &#8211; pero que para nada es algo\nnovedoso pues es propio de la acci\u00f3n capitalista- es vital el trabajo\ncomunicacional con los asociados, porque es cuando m\u00e1s se requiere la opini\u00f3n\ncertera y la asesor\u00eda oportuna, sin descuidar la entrega v\u00eda escritos &#8211; por lo\nmenos &#8211; de solidaridad con los distintos problemas y conflictos, que marcan el\nd\u00eda a d\u00eda de la gesti\u00f3n sindical.<\/p>\n\n\n\n<p>Es\nuna obligaci\u00f3n de las organizaciones de distinto grado estar informando\nregularmente de su gesti\u00f3n y por esa v\u00eda, adem\u00e1s, motivando a sus bases\nentreg\u00e1ndoles pautas oportunas y claras sobre el quehacer, al mismo tiempo que\nlas orientan sobre las distintas iniciativas patronales y de gobierno que se\nvan presentando.<\/p>\n\n\n\n<p>Seamos\nclaros, resulta preocupante que miles de trabajadores desconozcan materias que\ndebieran ser de manejo colectivo sobre contratos de trabajo y el t\u00e9rmino de los\nmismos, sin dejar de lado el seguro de cesant\u00eda y el teletrabajo por\nnombrar&nbsp; las m\u00e1s importantes.<\/p>\n\n\n\n<p>Y\nes que no solo es importante solidarizarse con las demandas de otros sectores y\nadherir a jornadas de movilizacion, tambi\u00e9n lo es y, en mi impresi\u00f3n\nprioritario, dejar claro&nbsp; ante los\ntrabajadores que estamos listos para defenderlos en lo que requieran.&nbsp;&nbsp;&nbsp; <\/p>\n\n\n\n<p>2.-\nLo mismo queda para las propuestas. <\/p>\n\n\n\n<p>Como\norganizaci\u00f3n de trabajadores nacimos con propuestas claras y concretas, la\nmayor\u00eda de las que solo se concretar\u00e1n cuando haya un cambio en la correlaci\u00f3n\nde fuerzas, a favor de los trabajadores.<\/p>\n\n\n\n<p>\u00bfQue\nproponen las organizaciones de trabajadores respecto de jornada de trabajo,\ningreso m\u00ednimo y seguro de cesant\u00eda, por poner el \u00e9nfasis en algunas de las\nmuchas cuestiones importantes?<\/p>\n\n\n\n<p>\u00bfY\nsi tienen propuestas, cu\u00e1nto han hecho por socializarlas entre los\ntrabajadores?<\/p>\n\n\n\n<p>A\nsimple vista y salvo contadas excepciones, el movimiento sindical sigue\nculpando de sus males al empedrado, como si condenando a gobiernos y patrones\nlos problemas fueran a disminuir cuando no a dejar de serlo.<\/p>\n\n\n\n<p>Sabemos,\no intuimos, como act\u00faa el capital y eso no va a cambiar solo porque lo\ncondenamos o entreguemos la receta m\u00e1gica para terminar con el.<\/p>\n\n\n\n<p>Solo\npodremos aminorar los efectos de la aplicaci\u00f3n de sus pol\u00edticas, en la medida\nen qu\u00e9 los trabajadores vayan ubic\u00e1ndose correctamente en el espacio que les corresponden\nen esta pelea de clases, pues desde esa comprension avanzaran al paso siguiente\nque es la organizaci\u00f3n.<\/p>\n\n\n\n<p>3.-\nPara lo anterior se requiere de buenas y expeditas comunicaciones, as\u00ed como de\npropuestas que sean hechas suyas por los millones de explotados.<\/p>\n\n\n\n<p>Lo\ndem\u00e1s es pirotecnia y no siempre de la mejor calidad.<\/p>\n","protected":false},"excerpt":{"rendered":"<p>1.- Al menos 2 de los muchos elementos que demanda el trabajo sindical, se han visto mermados y\/o se han perdido en esta pasada de la pandemia, que ya va&#8230; <a class=\"read-more\" href=\"https:\/\/www.radiopresidenteibanez.cl\/web\/pulso-sindical-diario-de-la-cgt-2\/\">Leer m\u00e1s<\/a><\/p>\n","protected":false},"author":2,"featured_media":14641,"comment_status":"closed","ping_status":"closed","sticky":false,"template":"","format":"standard","meta":{"footnotes":""},"categories":[1,48],"tags":[],"class_list":["post-14640","post","type-post","status-publish","format-standard","has-post-thumbnail","hentry","category-cronica","category-pulso-sindical-diario"],"_links":{"self":[{"href":"https:\/\/www.radiopresidenteibanez.cl\/web\/wp-json\/wp\/v2\/posts\/14640","targetHints":{"allow":["GET"]}}],"collection":[{"href":"https:\/\/www.radiopresidenteibanez.cl\/web\/wp-json\/wp\/v2\/posts"}],"about":[{"href":"https:\/\/www.radiopresidenteibanez.cl\/web\/wp-json\/wp\/v2\/types\/post"}],"author":[{"embeddable":true,"href":"https:\/\/www.radiopresidenteibanez.cl\/web\/wp-json\/wp\/v2\/users\/2"}],"replies":[{"embeddable":true,"href":"https:\/\/www.radiopresidenteibanez.cl\/web\/wp-json\/wp\/v2\/comments?post=14640"}],"version-history":[{"count":0,"href":"https:\/\/www.radiopresidenteibanez.cl\/web\/wp-json\/wp\/v2\/posts\/14640\/revisions"}],"wp:featuredmedia":[{"embeddable":true,"href":"https:\/\/www.radiopresidenteibanez.cl\/web\/wp-json\/wp\/v2\/media\/14641"}],"wp:attachment":[{"href":"https:\/\/www.radiopresidenteibanez.cl\/web\/wp-json\/wp\/v2\/media?parent=14640"}],"wp:term":[{"taxonomy":"category","embeddable":true,"href":"https:\/\/www.radiopresidenteibanez.cl\/web\/wp-json\/wp\/v2\/categories?post=14640"},{"taxonomy":"post_tag","embeddable":true,"href":"https:\/\/www.radiopresidenteibanez.cl\/web\/wp-json\/wp\/v2\/tags?post=14640"}],"curies":[{"name":"wp","href":"https:\/\/api.w.org\/{rel}","templated":true}]}}