{"id":1464,"date":"2019-02-15T18:03:44","date_gmt":"2019-02-15T18:03:44","guid":{"rendered":"http:\/\/www.radiopresidenteibanez.cl\/web\/?p=1464"},"modified":"2019-02-15T18:04:25","modified_gmt":"2019-02-15T18:04:25","slug":"137-familias-de-punta-arenas-se-convertiran-en-propietarias-luego-de-recibir-subsidios-habitacionales-del-minvu","status":"publish","type":"post","link":"https:\/\/www.radiopresidenteibanez.cl\/web\/137-familias-de-punta-arenas-se-convertiran-en-propietarias-luego-de-recibir-subsidios-habitacionales-del-minvu\/","title":{"rendered":"137 FAMILIAS DE PUNTA ARENAS SE CONVERTIR\u00c1N EN PROPIETARIAS LUEGO DE RECIBIR SUBSIDIOS HABITACIONALES DEL MINVU"},"content":{"rendered":"\n<p>En el hall del Instituto Superior\nde Comercio (Insuco) y con la presencia del intendente de Magallanes y de la\nAnt\u00e1rtica Chilena, Jos\u00e9 Fern\u00e1ndez D\u00fcbrock, el seremi de Vivienda y Urbanismo,\nJos\u00e9 Miguel Horcos y otras autoridades regionales y comunales, se otorgaron 137\nsubsidios habitacionales del Fondo Solidario de Elecci\u00f3n de Vivienda a la\nagrupaci\u00f3n \u201cViviendo en la Patagonia\u201d, la cual se conform\u00f3 el 2014 y tiene\ndentro de sus integrantes a 111 mujeres, 57 con acreditaci\u00f3n ind\u00edgena, 3 en\nsituaci\u00f3n de discapacidad y 3 adultos mayores. <\/p>\n\n\n\n<p>Los subsidios fueron asignados v\u00eda\nllamado especial de selecci\u00f3n, siendo adjudicados en el mes de octubre de 2018.\nEn cuanto a los montos, hay que destacar que las familias se agruparon y\ncompraron el terreno en $395.550.000.\nPor su parte, el Ministerio de Vivienda y Urbanismo les subsidi\u00f3 $3.918.695.000 para la construcci\u00f3n de las\nviviendas y finalmente, el Gobierno Regional coloc\u00f3 el monto de urbanizaci\u00f3n\nque alcanz\u00f3 la cifra de $1.582.350.000. \u201cA nosotros como gobierno nos llena de satisfacci\u00f3n\ny orgullo de poder contribuir a que estas 137 familias puedan tener su casa\npropia, porque uno de los objetivos del Presidente Pi\u00f1era es que la gente\nprogrese y eso est\u00e1 en que ellos tengan su casa propia y espacios donde hagan\nfamilia\u201d, explic\u00f3 el intendente regional, Jos\u00e9 Fern\u00e1ndez D\u00fcbrock.<\/p>\n\n\n\n<p>El loteo donde se emplazar\u00e1n estas viviendas se ubica en calle Ignacio\nCarrera Pinto, al oriente del condominio San Ignacio VI y considera viviendas de 47.85 m2, de 2 pisos,\ncon 2 dormitorios, un ba\u00f1o y living comedor. \u201cEstamos contentos porque esta\nagrupaci\u00f3n est\u00e1 trabajando desde el 2015, comprando su terreno y nosotros como\nMinvu aportamos en el otorgamiento de estos subsidios y el GORE aport\u00f3 la suma\nde $1.600 millones de pesos para concretar este proyecto. En esto estamos\ntrabajando, en entregarle soluciones habitacionales a las familias de\nMagallanes, para as\u00ed ir cumpliendo la meta de 4 mil viviendas entregadas en\neste periodo del Presidente Sebasti\u00e1n Pi\u00f1era\u201d.<\/p>\n\n\n\n<p>El sue\u00f1o de la casa propia para m\u00e1s de cien familias se est\u00e1 haciendo realidad y hoy, en una emotiva ceremonia, los beneficiaron acudieron junto a su grupo familiar a recibir este aporte del Estado. \u201cLlevamos 4 a\u00f1os en esta agrupaci\u00f3n, algunos pedimos pr\u00e9stamos y otros juntaron el dinero para conseguirlo. Nunca bajamos los brazos en esto y estoy muy feliz con lo que hemos conseguido\u201d, manifest\u00f3 la presidenta de la agrupaci\u00f3n \u201cViviendo en la Patagonia\u201d, Elizabeth Mu\u00f1oz. Por su parte, Emilio Villegas, quien vive en condici\u00f3n de allegado con sus tres hijos y su esposa en la casa de su madre, \u201ces un cambio de vida importante y es un paso importante el que damos los 5, viv\u00edamos apretados y ahora sin duda es un alivio muy grande\u201d, destac\u00f3 el vecino.\u00a0 <\/p>\n\n\n\n<ul class=\"wp-block-gallery columns-2 is-cropped wp-block-gallery-1 is-layout-flex wp-block-gallery-is-layout-flex\"><li class=\"blocks-gallery-item\"><figure><img loading=\"lazy\" decoding=\"async\" width=\"1024\" height=\"682\" src=\"https:\/\/www.radiopresidenteibanez.cl\/web\/wp-content\/uploads\/2019\/02\/WhatsApp-Image-2019-02-14-at-18.13.42-1024x682.jpeg\" alt=\"\" data-id=\"1465\" data-link=\"https:\/\/www.radiopresidenteibanez.cl\/web\/?attachment_id=1465\" class=\"wp-image-1465\" srcset=\"https:\/\/www.radiopresidenteibanez.cl\/web\/wp-content\/uploads\/2019\/02\/WhatsApp-Image-2019-02-14-at-18.13.42-1024x682.jpeg 1024w, https:\/\/www.radiopresidenteibanez.cl\/web\/wp-content\/uploads\/2019\/02\/WhatsApp-Image-2019-02-14-at-18.13.42-300x200.jpeg 300w, https:\/\/www.radiopresidenteibanez.cl\/web\/wp-content\/uploads\/2019\/02\/WhatsApp-Image-2019-02-14-at-18.13.42-768x512.jpeg 768w, https:\/\/www.radiopresidenteibanez.cl\/web\/wp-content\/uploads\/2019\/02\/WhatsApp-Image-2019-02-14-at-18.13.42.jpeg 1280w\" sizes=\"auto, (max-width: 1024px) 100vw, 1024px\" \/><\/figure><\/li><li class=\"blocks-gallery-item\"><figure><img loading=\"lazy\" decoding=\"async\" width=\"1024\" height=\"682\" src=\"https:\/\/www.radiopresidenteibanez.cl\/web\/wp-content\/uploads\/2019\/02\/WhatsApp-Image-2019-02-14-at-18.13.44-1024x682.jpeg\" alt=\"\" data-id=\"1466\" data-link=\"https:\/\/www.radiopresidenteibanez.cl\/web\/?attachment_id=1466\" class=\"wp-image-1466\" srcset=\"https:\/\/www.radiopresidenteibanez.cl\/web\/wp-content\/uploads\/2019\/02\/WhatsApp-Image-2019-02-14-at-18.13.44-1024x682.jpeg 1024w, https:\/\/www.radiopresidenteibanez.cl\/web\/wp-content\/uploads\/2019\/02\/WhatsApp-Image-2019-02-14-at-18.13.44-300x200.jpeg 300w, https:\/\/www.radiopresidenteibanez.cl\/web\/wp-content\/uploads\/2019\/02\/WhatsApp-Image-2019-02-14-at-18.13.44-768x512.jpeg 768w, https:\/\/www.radiopresidenteibanez.cl\/web\/wp-content\/uploads\/2019\/02\/WhatsApp-Image-2019-02-14-at-18.13.44.jpeg 1280w\" sizes=\"auto, (max-width: 1024px) 100vw, 1024px\" \/><\/figure><\/li><li class=\"blocks-gallery-item\"><figure><img loading=\"lazy\" decoding=\"async\" width=\"1024\" height=\"681\" src=\"https:\/\/www.radiopresidenteibanez.cl\/web\/wp-content\/uploads\/2019\/02\/WhatsApp-Image-2019-02-14-at-18.13.45-1024x681.jpeg\" alt=\"\" data-id=\"1467\" data-link=\"https:\/\/www.radiopresidenteibanez.cl\/web\/?attachment_id=1467\" class=\"wp-image-1467\" srcset=\"https:\/\/www.radiopresidenteibanez.cl\/web\/wp-content\/uploads\/2019\/02\/WhatsApp-Image-2019-02-14-at-18.13.45-1024x681.jpeg 1024w, https:\/\/www.radiopresidenteibanez.cl\/web\/wp-content\/uploads\/2019\/02\/WhatsApp-Image-2019-02-14-at-18.13.45-300x199.jpeg 300w, https:\/\/www.radiopresidenteibanez.cl\/web\/wp-content\/uploads\/2019\/02\/WhatsApp-Image-2019-02-14-at-18.13.45-768x511.jpeg 768w, https:\/\/www.radiopresidenteibanez.cl\/web\/wp-content\/uploads\/2019\/02\/WhatsApp-Image-2019-02-14-at-18.13.45.jpeg 1280w\" sizes=\"auto, (max-width: 1024px) 100vw, 1024px\" \/><\/figure><\/li><\/ul>\n","protected":false},"excerpt":{"rendered":"<p>En el hall del Instituto Superior de Comercio (Insuco) y con la presencia del intendente de Magallanes y de la Ant\u00e1rtica Chilena, Jos\u00e9 Fern\u00e1ndez D\u00fcbrock, el seremi de Vivienda y&#8230; <a class=\"read-more\" href=\"https:\/\/www.radiopresidenteibanez.cl\/web\/137-familias-de-punta-arenas-se-convertiran-en-propietarias-luego-de-recibir-subsidios-habitacionales-del-minvu\/\">Leer m\u00e1s<\/a><\/p>\n","protected":false},"author":2,"featured_media":1467,"comment_status":"closed","ping_status":"closed","sticky":false,"template":"","format":"standard","meta":{"footnotes":""},"categories":[1],"tags":[],"class_list":["post-1464","post","type-post","status-publish","format-standard","has-post-thumbnail","hentry","category-cronica"],"_links":{"self":[{"href":"https:\/\/www.radiopresidenteibanez.cl\/web\/wp-json\/wp\/v2\/posts\/1464","targetHints":{"allow":["GET"]}}],"collection":[{"href":"https:\/\/www.radiopresidenteibanez.cl\/web\/wp-json\/wp\/v2\/posts"}],"about":[{"href":"https:\/\/www.radiopresidenteibanez.cl\/web\/wp-json\/wp\/v2\/types\/post"}],"author":[{"embeddable":true,"href":"https:\/\/www.radiopresidenteibanez.cl\/web\/wp-json\/wp\/v2\/users\/2"}],"replies":[{"embeddable":true,"href":"https:\/\/www.radiopresidenteibanez.cl\/web\/wp-json\/wp\/v2\/comments?post=1464"}],"version-history":[{"count":0,"href":"https:\/\/www.radiopresidenteibanez.cl\/web\/wp-json\/wp\/v2\/posts\/1464\/revisions"}],"wp:featuredmedia":[{"embeddable":true,"href":"https:\/\/www.radiopresidenteibanez.cl\/web\/wp-json\/wp\/v2\/media\/1467"}],"wp:attachment":[{"href":"https:\/\/www.radiopresidenteibanez.cl\/web\/wp-json\/wp\/v2\/media?parent=1464"}],"wp:term":[{"taxonomy":"category","embeddable":true,"href":"https:\/\/www.radiopresidenteibanez.cl\/web\/wp-json\/wp\/v2\/categories?post=1464"},{"taxonomy":"post_tag","embeddable":true,"href":"https:\/\/www.radiopresidenteibanez.cl\/web\/wp-json\/wp\/v2\/tags?post=1464"}],"curies":[{"name":"wp","href":"https:\/\/api.w.org\/{rel}","templated":true}]}}