{"id":14637,"date":"2020-09-08T22:15:08","date_gmt":"2020-09-08T22:15:08","guid":{"rendered":"https:\/\/www.radiopresidenteibanez.cl\/web\/?p=14637"},"modified":"2020-09-08T22:15:14","modified_gmt":"2020-09-08T22:15:14","slug":"jefe-del-area-de-educacion-de-la-cormupa-fue-internado-de-urgencia-en-la-clinica-magallanes","status":"publish","type":"post","link":"https:\/\/www.radiopresidenteibanez.cl\/web\/jefe-del-area-de-educacion-de-la-cormupa-fue-internado-de-urgencia-en-la-clinica-magallanes\/","title":{"rendered":"JEFE DEL \u00c1REA DE EDUCACI\u00d3N DE LA CORMUPA FUE INTERNADO DE URGENCIA EN LA CL\u00cdNICA MAGALLANES"},"content":{"rendered":"\n<p> Durante la ma\u00f1ana de este martes 8 de septiembre del 2020, el Jefe del \u00c1rea Educaci\u00f3n de la Corporaci\u00f3n Municipal de Punta Arenas, Cristian Reveco Soto, debi\u00f3 ser trasladado hasta la Cl\u00ednica Magallanes de nuestra ciudad.\u00a0<\/p>\n\n\n\n<p>Actualmente, permanece internado en Unidad de Cuidados Intensivos de dicho recinto asistencial, raz\u00f3n por la cual existe gran preocupaci\u00f3n y se est\u00e1 a la espera de los reportes m\u00e9dicos, que esperamos sean favorables y le permitan recuperarse satisfactoriamente. <\/p>\n","protected":false},"excerpt":{"rendered":"<p>Durante la ma\u00f1ana de este martes 8 de septiembre del 2020, el Jefe del \u00c1rea Educaci\u00f3n de la Corporaci\u00f3n Municipal de Punta Arenas, Cristian Reveco Soto, debi\u00f3 ser trasladado hasta&#8230; <a class=\"read-more\" href=\"https:\/\/www.radiopresidenteibanez.cl\/web\/jefe-del-area-de-educacion-de-la-cormupa-fue-internado-de-urgencia-en-la-clinica-magallanes\/\">Leer m\u00e1s<\/a><\/p>\n","protected":false},"author":2,"featured_media":12664,"comment_status":"closed","ping_status":"closed","sticky":false,"template":"","format":"standard","meta":{"footnotes":""},"categories":[1],"tags":[],"class_list":["post-14637","post","type-post","status-publish","format-standard","has-post-thumbnail","hentry","category-cronica"],"_links":{"self":[{"href":"https:\/\/www.radiopresidenteibanez.cl\/web\/wp-json\/wp\/v2\/posts\/14637","targetHints":{"allow":["GET"]}}],"collection":[{"href":"https:\/\/www.radiopresidenteibanez.cl\/web\/wp-json\/wp\/v2\/posts"}],"about":[{"href":"https:\/\/www.radiopresidenteibanez.cl\/web\/wp-json\/wp\/v2\/types\/post"}],"author":[{"embeddable":true,"href":"https:\/\/www.radiopresidenteibanez.cl\/web\/wp-json\/wp\/v2\/users\/2"}],"replies":[{"embeddable":true,"href":"https:\/\/www.radiopresidenteibanez.cl\/web\/wp-json\/wp\/v2\/comments?post=14637"}],"version-history":[{"count":0,"href":"https:\/\/www.radiopresidenteibanez.cl\/web\/wp-json\/wp\/v2\/posts\/14637\/revisions"}],"wp:featuredmedia":[{"embeddable":true,"href":"https:\/\/www.radiopresidenteibanez.cl\/web\/wp-json\/wp\/v2\/media\/12664"}],"wp:attachment":[{"href":"https:\/\/www.radiopresidenteibanez.cl\/web\/wp-json\/wp\/v2\/media?parent=14637"}],"wp:term":[{"taxonomy":"category","embeddable":true,"href":"https:\/\/www.radiopresidenteibanez.cl\/web\/wp-json\/wp\/v2\/categories?post=14637"},{"taxonomy":"post_tag","embeddable":true,"href":"https:\/\/www.radiopresidenteibanez.cl\/web\/wp-json\/wp\/v2\/tags?post=14637"}],"curies":[{"name":"wp","href":"https:\/\/api.w.org\/{rel}","templated":true}]}}