{"id":14634,"date":"2020-09-08T19:45:59","date_gmt":"2020-09-08T19:45:59","guid":{"rendered":"https:\/\/www.radiopresidenteibanez.cl\/web\/?p=14634"},"modified":"2020-09-08T19:46:04","modified_gmt":"2020-09-08T19:46:04","slug":"autoridades-de-salud-se-refieren-a-situacion-de-evacuacion-aero-medica-que-no-habria-sido-informada-a-familiares","status":"publish","type":"post","link":"https:\/\/www.radiopresidenteibanez.cl\/web\/autoridades-de-salud-se-refieren-a-situacion-de-evacuacion-aero-medica-que-no-habria-sido-informada-a-familiares\/","title":{"rendered":"AUTORIDADES DE SALUD SE REFIEREN A SITUACI\u00d3N DE EVACUACI\u00d3N AERO M\u00c9DICA QUE NO HABR\u00cdA SIDO INFORMADA A FAMILIARES"},"content":{"rendered":"\n<p>La Direcci\u00f3n del Hospital Cl\u00ednico\nMagallanes, en atenci\u00f3n a informaci\u00f3n difundida a trav\u00e9s de distintos medios de\ncomunicaci\u00f3n y redes sociales, sobre falta de informaci\u00f3n a la familia por gesti\u00f3n\nde Aero evacuaciones desea informar a la comunidad magall\u00e1nica lo siguiente:<\/p>\n\n\n\n<ul class=\"wp-block-list\"><li>La evacuaci\u00f3n\n     Aero m\u00e9dica (EVACAM) considera el traslado r\u00e1pido y seguro a pacientes cr\u00edticos\n     con riesgo de mortalidad o secuelas graves, tiempos dependientes de la oportuna\n     atenci\u00f3n en un centro de referencia de alta complejidad.<\/li><\/ul>\n\n\n\n<ul class=\"wp-block-list\"><li>En\n     el contexto de COVID-19 por instrucci\u00f3n del Ministerio de Salud y\n     Subsecretaria de Redes Asistenciales, en coordinaci\u00f3n con la Unidad de\n     Gesti\u00f3n de Camas Centralizadas UGCC, se est\u00e1n realizando evacuaciones\n     preventivas que tiene por objetivo liberar camas cr\u00edticas a fin de\n     garantizar el acceso al resto de la poblaci\u00f3n.<\/li><\/ul>\n\n\n\n<ul class=\"wp-block-list\"><li>En\n     este caso particular, indicar que el paciente ingres\u00f3 el d\u00eda 03 de\n     septiembre a trav\u00e9s de la Unidad de Emergencia Hospitalaria al Hospital\n     Cl\u00ednico Magallanes.<\/li><\/ul>\n\n\n\n<ul class=\"wp-block-list\"><li>Debido\n     a criterios cl\u00ednico &#8211; t\u00e9cnico se decidi\u00f3 el traslado del paciente.<\/li><\/ul>\n\n\n\n<ul class=\"wp-block-list\"><li>Se\u00f1alar\n     que para gestionar la EVACAM el m\u00e9dico residente (tanto saliente de turno\n     como entrante) inici\u00f3 contacto con la familia a trav\u00e9s de los n\u00fameros telef\u00f3nicos\n     (red fija y celular) registrados en la ficha cl\u00ednica del paciente, lamentablemente\n     no se logr\u00f3 contactar a la familia, pese a los infructuosos llamados por\n     parte de los profesionales m\u00e9dicos.<\/li><\/ul>\n\n\n\n<ul class=\"wp-block-list\"><li>Informar\n     que, de acuerdo a protocolo en caso de no existir contacto con familiar, ser\u00e1\n     el m\u00e9dico tratante quien autoriza traslado bajo su responsabilidad.<\/li><\/ul>\n\n\n\n<ul class=\"wp-block-list\"><li>El paciente\n     fue trasladado el d\u00eda 7 de septiembre hacia la Ex Posta Central de Santiago.<\/li><\/ul>\n\n\n\n<ul class=\"wp-block-list\"><li>Se\u00f1alar\n     que a la fecha hemos realizado por COVID-19, 26 EVACAM a diversos\n     establecimientos de nuestro pa\u00eds, 11 de los cuales se han realizado en los\n     \u00faltimos 12 d\u00edas.<\/li><\/ul>\n\n\n\n<ul class=\"wp-block-list\"><li>Lamentamos\n     sinceramente la situaci\u00f3n puntual acontecida y trabajaremos por mejorar\n     nuestros canales de comunicaci\u00f3n e informaci\u00f3n; por el momento en este\n     caso, el director del Hospital Cl\u00ednico Magallanes se comunic\u00f3\n     telef\u00f3nicamente con uno de los hijos.<\/li><\/ul>\n\n\n\n<ul class=\"wp-block-list\"><li>De igual forma, solicitamos a las personas que, al momento de ingresar al\nHospital Cl\u00ednico, tanto ellas como un familiar, verifiquen y actualicen los n\u00fameros\ntelef\u00f3nicos registrados, debido a que esto es vital para un contacto oportuno.<\/li><\/ul>\n","protected":false},"excerpt":{"rendered":"<p>La Direcci\u00f3n del Hospital Cl\u00ednico Magallanes, en atenci\u00f3n a informaci\u00f3n difundida a trav\u00e9s de distintos medios de comunicaci\u00f3n y redes sociales, sobre falta de informaci\u00f3n a la familia por gesti\u00f3n&#8230; <a class=\"read-more\" href=\"https:\/\/www.radiopresidenteibanez.cl\/web\/autoridades-de-salud-se-refieren-a-situacion-de-evacuacion-aero-medica-que-no-habria-sido-informada-a-familiares\/\">Leer m\u00e1s<\/a><\/p>\n","protected":false},"author":2,"featured_media":57,"comment_status":"closed","ping_status":"closed","sticky":false,"template":"","format":"standard","meta":{"footnotes":""},"categories":[1],"tags":[],"class_list":["post-14634","post","type-post","status-publish","format-standard","has-post-thumbnail","hentry","category-cronica"],"_links":{"self":[{"href":"https:\/\/www.radiopresidenteibanez.cl\/web\/wp-json\/wp\/v2\/posts\/14634","targetHints":{"allow":["GET"]}}],"collection":[{"href":"https:\/\/www.radiopresidenteibanez.cl\/web\/wp-json\/wp\/v2\/posts"}],"about":[{"href":"https:\/\/www.radiopresidenteibanez.cl\/web\/wp-json\/wp\/v2\/types\/post"}],"author":[{"embeddable":true,"href":"https:\/\/www.radiopresidenteibanez.cl\/web\/wp-json\/wp\/v2\/users\/2"}],"replies":[{"embeddable":true,"href":"https:\/\/www.radiopresidenteibanez.cl\/web\/wp-json\/wp\/v2\/comments?post=14634"}],"version-history":[{"count":0,"href":"https:\/\/www.radiopresidenteibanez.cl\/web\/wp-json\/wp\/v2\/posts\/14634\/revisions"}],"wp:featuredmedia":[{"embeddable":true,"href":"https:\/\/www.radiopresidenteibanez.cl\/web\/wp-json\/wp\/v2\/media\/57"}],"wp:attachment":[{"href":"https:\/\/www.radiopresidenteibanez.cl\/web\/wp-json\/wp\/v2\/media?parent=14634"}],"wp:term":[{"taxonomy":"category","embeddable":true,"href":"https:\/\/www.radiopresidenteibanez.cl\/web\/wp-json\/wp\/v2\/categories?post=14634"},{"taxonomy":"post_tag","embeddable":true,"href":"https:\/\/www.radiopresidenteibanez.cl\/web\/wp-json\/wp\/v2\/tags?post=14634"}],"curies":[{"name":"wp","href":"https:\/\/api.w.org\/{rel}","templated":true}]}}