{"id":14629,"date":"2020-09-08T19:23:26","date_gmt":"2020-09-08T19:23:26","guid":{"rendered":"https:\/\/www.radiopresidenteibanez.cl\/web\/?p=14629"},"modified":"2020-09-08T19:23:33","modified_gmt":"2020-09-08T19:23:33","slug":"conadi-invita-a-postular-a-personas-naturales-y-comunidades-de-magallanes-al-concurso-de-equipamiento-basico-de-predios","status":"publish","type":"post","link":"https:\/\/www.radiopresidenteibanez.cl\/web\/conadi-invita-a-postular-a-personas-naturales-y-comunidades-de-magallanes-al-concurso-de-equipamiento-basico-de-predios\/","title":{"rendered":"CONADI INVITA A POSTULAR A PERSONAS NATURALES Y COMUNIDADES DE MAGALLANES AL CONCURSO DE EQUIPAMIENTO B\u00c1SICO DE PREDIOS"},"content":{"rendered":"\n<p>El objetivo de este fondo es entregar recursos para la adquisici\u00f3n de maquinarias, equipos y herramientas para mejorar las actividades silvoagropecuarias y agrotur\u00edsticas, asociadas a la subsistencia y autoconsumo y que tiendan a establecer la seguridad alimentaria en las familias ind\u00edgenas.<\/p>\n\n\n\n<p>Para la Jefa de Oficina de Asuntos Ind\u00edgenas de CONADI en Punta Arenas, Carolina Avenda\u00f1o, \u201cen Magallanes beneficiaremos 8 iniciativas, con un monto total de $32.000.000, considerando $4 millones por cada proyecto. Invitamos a los usuarios que en a\u00f1os anteriores se adjudicaron a trav\u00e9s de CONADI el subsidio de tierras a postular a este concurso dedicado a mejorar la productividad, siendo una gran oportunidad para las personas y comunidades de la regi\u00f3n\u201d.<\/p>\n\n\n\n<p>A su vez, la Seremi de Desarrollo Social y Familia de Magallanes y de la Ant\u00e1rtica Chilena, Liz Casanueva, realiz\u00f3 una invitaci\u00f3n a participar, se\u00f1alando que \u201cesta actividad simboliza el compromiso que tiene nuestro Gobierno en la preservaci\u00f3n y promoci\u00f3n de la cultura de los pueblos originarios, para que puedan desarrollarse con plenitud mediante esta y otras tantas iniciativas\u201d.<\/p>\n\n\n\n<p>Los interesados deben enviar su postulaci\u00f3n al correo electr\u00f3nico&nbsp;<a href=\"mailto:cpebp@conadi.gov.cl\" target=\"_blank\" rel=\"noreferrer noopener\">cpebp@conadi.gov.cl<\/a>. La etapa de consultas se realizar\u00e1 a trav\u00e9s de los correos&nbsp;<a href=\"mailto:edelgado@conadi.gov.cl\" target=\"_blank\" rel=\"noreferrer noopener\">edelgado@conadi.gov.cl<\/a>&nbsp;y\/o&nbsp;<a href=\"mailto:kcartes@conadi.gov.cl\" target=\"_blank\" rel=\"noreferrer noopener\">kcartes@conadi.gov.cl<\/a>, hasta las 13:00 horas del 24 de septiembre.<\/p>\n\n\n\n<p>Las bases se encuentran disponibles en el sitio&nbsp;<a href=\"http:\/\/www.conadi.gob.cl\/gobiernotransparente\/transparencia\/Concursos\/Concursos.html\" target=\"_blank\" rel=\"noreferrer noopener\">http:\/\/www.conadi.gob.cl\/gobiernotransparente\/transparencia\/Concursos\/Concursos.html<\/a><\/p>\n","protected":false},"excerpt":{"rendered":"<p>El objetivo de este fondo es entregar recursos para la adquisici\u00f3n de maquinarias, equipos y herramientas para mejorar las actividades silvoagropecuarias y agrotur\u00edsticas, asociadas a la subsistencia y autoconsumo y&#8230; <a class=\"read-more\" href=\"https:\/\/www.radiopresidenteibanez.cl\/web\/conadi-invita-a-postular-a-personas-naturales-y-comunidades-de-magallanes-al-concurso-de-equipamiento-basico-de-predios\/\">Leer m\u00e1s<\/a><\/p>\n","protected":false},"author":2,"featured_media":14630,"comment_status":"closed","ping_status":"closed","sticky":false,"template":"","format":"standard","meta":{"footnotes":""},"categories":[1],"tags":[],"class_list":["post-14629","post","type-post","status-publish","format-standard","has-post-thumbnail","hentry","category-cronica"],"_links":{"self":[{"href":"https:\/\/www.radiopresidenteibanez.cl\/web\/wp-json\/wp\/v2\/posts\/14629","targetHints":{"allow":["GET"]}}],"collection":[{"href":"https:\/\/www.radiopresidenteibanez.cl\/web\/wp-json\/wp\/v2\/posts"}],"about":[{"href":"https:\/\/www.radiopresidenteibanez.cl\/web\/wp-json\/wp\/v2\/types\/post"}],"author":[{"embeddable":true,"href":"https:\/\/www.radiopresidenteibanez.cl\/web\/wp-json\/wp\/v2\/users\/2"}],"replies":[{"embeddable":true,"href":"https:\/\/www.radiopresidenteibanez.cl\/web\/wp-json\/wp\/v2\/comments?post=14629"}],"version-history":[{"count":0,"href":"https:\/\/www.radiopresidenteibanez.cl\/web\/wp-json\/wp\/v2\/posts\/14629\/revisions"}],"wp:featuredmedia":[{"embeddable":true,"href":"https:\/\/www.radiopresidenteibanez.cl\/web\/wp-json\/wp\/v2\/media\/14630"}],"wp:attachment":[{"href":"https:\/\/www.radiopresidenteibanez.cl\/web\/wp-json\/wp\/v2\/media?parent=14629"}],"wp:term":[{"taxonomy":"category","embeddable":true,"href":"https:\/\/www.radiopresidenteibanez.cl\/web\/wp-json\/wp\/v2\/categories?post=14629"},{"taxonomy":"post_tag","embeddable":true,"href":"https:\/\/www.radiopresidenteibanez.cl\/web\/wp-json\/wp\/v2\/tags?post=14629"}],"curies":[{"name":"wp","href":"https:\/\/api.w.org\/{rel}","templated":true}]}}