{"id":14627,"date":"2020-09-08T19:19:33","date_gmt":"2020-09-08T19:19:33","guid":{"rendered":"https:\/\/www.radiopresidenteibanez.cl\/web\/?p=14627"},"modified":"2020-09-08T19:19:38","modified_gmt":"2020-09-08T19:19:38","slug":"diputado-bianchi-por-restriccion-vehicular-es-una-medida-absurda-que-solo-aumentara-los-contagios","status":"publish","type":"post","link":"https:\/\/www.radiopresidenteibanez.cl\/web\/diputado-bianchi-por-restriccion-vehicular-es-una-medida-absurda-que-solo-aumentara-los-contagios\/","title":{"rendered":"DIPUTADO BIANCHI POR RESTRICCI\u00d3N VEHICULAR: \u201cES UNA MEDIDA ABSURDA QUE SOLO AUMENTAR\u00c1 LOS CONTAGIOS\u201d"},"content":{"rendered":"\n<p>\u201cEs\nuna medida absurda que lo \u00fanico que hace es que las personas deban exponerse\nm\u00e1s, porque nadie va a dejar de ir a trabajar porque su auto est\u00e1 con\nrestricci\u00f3n, sino que van a tener que optar por transportes donde tienen\ncontacto con m\u00e1s personas\u201d, afirma el diputado independiente.<\/p>\n\n\n\n<p>La\nsecretar\u00eda regional de Transportes y Telecomunicaciones de la regi\u00f3n de\nMagallanes, decret\u00f3 restricci\u00f3n vehicular en Punta Arenas&nbsp;debido al\naumento de casos positivos de COVID-19, que tiene a la comuna en el primer\nlugar del pa\u00eds con m\u00e1s casos confirmados.<\/p>\n\n\n\n<p>Lo\nanterior fue criticado por Bianchi, quien se\u00f1ala que \u201cel problema no son los\nveh\u00edculos, es la movilidad de la gente\u201d. Adem\u00e1s, expres\u00f3 que \u201cuna medida como\nesta quiz\u00e1s se tuvo que haber adoptado solamente para quienes van de compras,\npero no una medida para quienes van al trabajo\u201d.<\/p>\n\n\n\n<p>Agrega\nadem\u00e1s que hay personas que tienen m\u00e1s de un veh\u00edculo y podr\u00e1n de igual manera\nsalir, \u201cpor lo tanto esta medida solo estar\u00eda afectando a un sector de la\npoblaci\u00f3n\u201d. <\/p>\n\n\n\n<p>As\u00ed\nmismo, el diputado independiente asegura que muchas personas est\u00e1n tratando de\natravesar esta crisis trabajando con sus veh\u00edculos, ya sea como taxi, colectivo\no delivery.<\/p>\n\n\n\n<p>Respecto\na lo anterior, expresa que \u201cesa gente podr\u00eda hoy no poder trabajar, adem\u00e1s de\ntodo lo que est\u00e1 pasando, las tiendas peligran el tener que cerrar porque no\npueden hacer su delivery, es otro punto importante tambi\u00e9n a considerar\u201d.<\/p>\n","protected":false},"excerpt":{"rendered":"<p>\u201cEs una medida absurda que lo \u00fanico que hace es que las personas deban exponerse m\u00e1s, porque nadie va a dejar de ir a trabajar porque su auto est\u00e1 con&#8230; <a class=\"read-more\" href=\"https:\/\/www.radiopresidenteibanez.cl\/web\/diputado-bianchi-por-restriccion-vehicular-es-una-medida-absurda-que-solo-aumentara-los-contagios\/\">Leer m\u00e1s<\/a><\/p>\n","protected":false},"author":2,"featured_media":5567,"comment_status":"closed","ping_status":"closed","sticky":false,"template":"","format":"standard","meta":{"footnotes":""},"categories":[1],"tags":[],"class_list":["post-14627","post","type-post","status-publish","format-standard","has-post-thumbnail","hentry","category-cronica"],"_links":{"self":[{"href":"https:\/\/www.radiopresidenteibanez.cl\/web\/wp-json\/wp\/v2\/posts\/14627","targetHints":{"allow":["GET"]}}],"collection":[{"href":"https:\/\/www.radiopresidenteibanez.cl\/web\/wp-json\/wp\/v2\/posts"}],"about":[{"href":"https:\/\/www.radiopresidenteibanez.cl\/web\/wp-json\/wp\/v2\/types\/post"}],"author":[{"embeddable":true,"href":"https:\/\/www.radiopresidenteibanez.cl\/web\/wp-json\/wp\/v2\/users\/2"}],"replies":[{"embeddable":true,"href":"https:\/\/www.radiopresidenteibanez.cl\/web\/wp-json\/wp\/v2\/comments?post=14627"}],"version-history":[{"count":0,"href":"https:\/\/www.radiopresidenteibanez.cl\/web\/wp-json\/wp\/v2\/posts\/14627\/revisions"}],"wp:featuredmedia":[{"embeddable":true,"href":"https:\/\/www.radiopresidenteibanez.cl\/web\/wp-json\/wp\/v2\/media\/5567"}],"wp:attachment":[{"href":"https:\/\/www.radiopresidenteibanez.cl\/web\/wp-json\/wp\/v2\/media?parent=14627"}],"wp:term":[{"taxonomy":"category","embeddable":true,"href":"https:\/\/www.radiopresidenteibanez.cl\/web\/wp-json\/wp\/v2\/categories?post=14627"},{"taxonomy":"post_tag","embeddable":true,"href":"https:\/\/www.radiopresidenteibanez.cl\/web\/wp-json\/wp\/v2\/tags?post=14627"}],"curies":[{"name":"wp","href":"https:\/\/api.w.org\/{rel}","templated":true}]}}