{"id":14624,"date":"2020-09-08T19:17:37","date_gmt":"2020-09-08T19:17:37","guid":{"rendered":"https:\/\/www.radiopresidenteibanez.cl\/web\/?p=14624"},"modified":"2020-09-08T19:17:44","modified_gmt":"2020-09-08T19:17:44","slug":"senadis-y-oit-lanzan-aprendiendo-a-incluir-una-comunidad-virtual-gratuita-por-la-inclusion-y-participacion-de-las-personas-con-discapacidad","status":"publish","type":"post","link":"https:\/\/www.radiopresidenteibanez.cl\/web\/senadis-y-oit-lanzan-aprendiendo-a-incluir-una-comunidad-virtual-gratuita-por-la-inclusion-y-participacion-de-las-personas-con-discapacidad\/","title":{"rendered":"SENADIS Y OIT LANZAN APRENDIENDO A INCLUIR, UNA COMUNIDAD VIRTUAL GRATUITA POR LA INCLUSI\u00d3N Y PARTICIPACI\u00d3N DE LAS PERSONAS CON DISCAPACIDAD"},"content":{"rendered":"\n<p>\u2018Aprendiendo a Incluir\u2019 es el nombre de la nueva comunidad virtual lanzada por el Servicio Nacional de la Discapacidad, SENADIS, y la Organizaci\u00f3n Internacional del Trabajo, OIT, que brindar\u00e1 recursos formativos como seminarios, cursos, gu\u00edas de autoaprendizaje y capacitaciones gratuitas orientadas a aumentar la comprensi\u00f3n y conciencia sobre la discapacidad y la inclusi\u00f3n.<\/p>\n\n\n\n<p>Esta plataforma, que ya se encuentra disponible, est\u00e1 dirigida a profesionales de los sectores p\u00fablico, privado y del mundo sindical, en un esfuerzo por continuar fortaleciendo competencias y desarrollando herramientas que contribuyan a abrir m\u00e1s puertas a la inclusi\u00f3n y participaci\u00f3n efectiva de las personas con discapacidad.<\/p>\n\n\n\n<p>La Ministra de Desarrollo Social y Familia, Karla Rubilar, manifest\u00f3 que \u201cesta plataforma va en la l\u00ednea de lo que nos ha pedido el Presidente Sebasti\u00e1n Pi\u00f1era: fomentar la inclusi\u00f3n en todos los niveles, hacer visibles a los invisibles y generar las condiciones en la sociedad para promover la participaci\u00f3n de las personas con discapacidad. Tenemos una gran deuda en esta materia y cada paso que damos hoy es pensando en ellos\u201d.<\/p>\n\n\n\n<p>Desde 2019, SENADIS junto a la OIT llevan adelante el Programa de Fortalecimiento de Capacidades para la Inclusi\u00f3n \u2013 M\u00c1S INCLUSI\u00d3N. Uno de los pilares de este programa es el desarrollo de seminarios, cursos y capacitaciones orientadas a&nbsp;aumentar la comprensi\u00f3n y conciencia en el \u00e1mbito p\u00fablico y de los negocios, acerca de la contribuci\u00f3n que las personas con discapacidad pueden hacer, si cuentan con las oportunidades que necesitan.<\/p>\n\n\n\n<p>En la oportunidad, el Director Regional del SENADIS, Iv\u00e1n Gonzalez Cresp, se\u00f1al\u00f3 que \u201cvaloramos el trabajo impulsado con la OIT consistente en la realizaci\u00f3n de mesas regionales de di\u00e1logo, curso internacional y nacional para la formaci\u00f3n de dirigentes sindicales y funcionarios municipales. Hoy estamos orgullosos y damos un nuevo paso con el lanzamiento de esta plataforma accesible y de libre acceso que nos permitir\u00e1 continuar con actividades para la inclusi\u00f3n y participaci\u00f3n efectiva de las personas con discapacidad en el contexto de la pandemia\u201d, concluy\u00f3.&nbsp;&nbsp;<\/p>\n\n\n\n<p>En tanto, la Seremi de Desarrollo Social y Familia, Liz Casanueva, se\u00f1al\u00f3 que \u201cinvitamos a los integrantes del sector p\u00fablico, privado y sindical a participar de esta incitativa que simboliza el desaf\u00edo en construir una sociedad inclusiva a trav\u00e9s de la educaci\u00f3n y su puesta en pr\u00e1ctica, debido a que todos somos responsables en garantizar el respeto y a cerrar las brechas de desigualdad\u201d.<\/p>\n\n\n\n<p>Por su parte, Fabio Bertranou, director de la Oficina de la OIT para el Cono Sur de Am\u00e9rica Latina, destac\u00f3 que \u201cjunto con poner a disposici\u00f3n esta innovadora plataforma, queremos tambi\u00e9n recoger las preocupaciones que surgen para alcanzar la inclusi\u00f3n plena de las personas con discapacidad, m\u00e1s a\u00fan en el contexto de pandemia, en que no solo se ha visto afectada la salud, sino que tambi\u00e9n el empleo de numerosas personas. En alianza con SENADIS seguimos atentos al llamado de \u201cque nadie quede atr\u00e1s\u201d, tal como consigna la Agenda 2030 que impulsa Naciones Unidas\u00bb.<\/p>\n\n\n\n<p>Para formar parte de esta comunidad, las personas interesadas deben completar un&nbsp;<strong><a href=\"http:\/\/bit.ly\/RegistroAprendiendoIncluir\" target=\"_blank\" rel=\"noreferrer noopener\">registro \u00fanico<\/a><\/strong>, que les permitir\u00e1 contar con credenciales de acceso a la plataforma y sus recursos de aprendizaje, de forma gratuita.<\/p>\n\n\n\n<p><strong>Abriendo puertas a la inclusi\u00f3n y participaci\u00f3n<\/strong><\/p>\n\n\n\n<p>El primer recurso de la plataforma es el curso de autoaprendizaje \u2018Abriendo puertas a la inclusi\u00f3n y participaci\u00f3n\u2019, que busca desarrollar competencias efectivas para que las personas, al margen de sus \u00e1reas de trabajo, sean capaces de identificar y reconocer barreras y, en consecuencia, promover acciones y entornos que brinden un trato inclusivo a las personas con discapacidad, desde una perspectiva de derechos.<\/p>\n\n\n\n<p>Este curso fue desarrollado considerando criterios de accesibilidad universal, contando para ello con la participaci\u00f3n de personas con discapacidad visual y auditiva, por lo que textos, audios y elementos gr\u00e1ficos se componen y despliegan de tal forma que faciliten el aprendizaje de todas las personas.<\/p>\n\n\n\n<p>El curso consta de tres m\u00f3dulos y nueve sesiones, las cuales se ir\u00e1n abriendo a las personas usuarias cada dos semanas, a trav\u00e9s de los d\u00edas #JuevesDeInclusi\u00f3n. La primera sesi\u00f3n, titulada \u2018Discapacidad, el concepto y su evoluci\u00f3n a nivel internacional\u2019, ya se encuentra disponible en la plataforma.<\/p>\n\n\n\n<p>Al finalizar cada sesi\u00f3n, las personas usuarias podr\u00e1n evaluar sus aprendizajes y al completar cada m\u00f3dulo, obtendr\u00e1n un certificado emitido por SENADIS y OIT.<\/p>\n\n\n\n<p>Puede registrarse en la plataforma en&nbsp;<a href=\"http:\/\/bit.ly\/RegistroAprendiendoAIncluir\" target=\"_blank\" rel=\"noreferrer noopener\">http:\/\/bit.ly\/RegistroAprendiendoAIncluir<\/a><\/p>\n","protected":false},"excerpt":{"rendered":"<p>\u2018Aprendiendo a Incluir\u2019 es el nombre de la nueva comunidad virtual lanzada por el Servicio Nacional de la Discapacidad, SENADIS, y la Organizaci\u00f3n Internacional del Trabajo, OIT, que brindar\u00e1 recursos&#8230; <a class=\"read-more\" href=\"https:\/\/www.radiopresidenteibanez.cl\/web\/senadis-y-oit-lanzan-aprendiendo-a-incluir-una-comunidad-virtual-gratuita-por-la-inclusion-y-participacion-de-las-personas-con-discapacidad\/\">Leer m\u00e1s<\/a><\/p>\n","protected":false},"author":2,"featured_media":14625,"comment_status":"closed","ping_status":"closed","sticky":false,"template":"","format":"standard","meta":{"footnotes":""},"categories":[1],"tags":[],"class_list":["post-14624","post","type-post","status-publish","format-standard","has-post-thumbnail","hentry","category-cronica"],"_links":{"self":[{"href":"https:\/\/www.radiopresidenteibanez.cl\/web\/wp-json\/wp\/v2\/posts\/14624","targetHints":{"allow":["GET"]}}],"collection":[{"href":"https:\/\/www.radiopresidenteibanez.cl\/web\/wp-json\/wp\/v2\/posts"}],"about":[{"href":"https:\/\/www.radiopresidenteibanez.cl\/web\/wp-json\/wp\/v2\/types\/post"}],"author":[{"embeddable":true,"href":"https:\/\/www.radiopresidenteibanez.cl\/web\/wp-json\/wp\/v2\/users\/2"}],"replies":[{"embeddable":true,"href":"https:\/\/www.radiopresidenteibanez.cl\/web\/wp-json\/wp\/v2\/comments?post=14624"}],"version-history":[{"count":0,"href":"https:\/\/www.radiopresidenteibanez.cl\/web\/wp-json\/wp\/v2\/posts\/14624\/revisions"}],"wp:featuredmedia":[{"embeddable":true,"href":"https:\/\/www.radiopresidenteibanez.cl\/web\/wp-json\/wp\/v2\/media\/14625"}],"wp:attachment":[{"href":"https:\/\/www.radiopresidenteibanez.cl\/web\/wp-json\/wp\/v2\/media?parent=14624"}],"wp:term":[{"taxonomy":"category","embeddable":true,"href":"https:\/\/www.radiopresidenteibanez.cl\/web\/wp-json\/wp\/v2\/categories?post=14624"},{"taxonomy":"post_tag","embeddable":true,"href":"https:\/\/www.radiopresidenteibanez.cl\/web\/wp-json\/wp\/v2\/tags?post=14624"}],"curies":[{"name":"wp","href":"https:\/\/api.w.org\/{rel}","templated":true}]}}